{"id":214914,"date":"2021-10-26T16:34:20","date_gmt":"2021-10-26T14:34:20","guid":{"rendered":"https:\/\/alhaurinelgrande.es\/cultura\/?p=214914"},"modified":"2021-10-28T16:35:35","modified_gmt":"2021-10-28T14:35:35","slug":"el-consejero-de-la-presidencia-elias-bendodo-visita-la-casa-museo-antonio-gala-que-abrira-en-noviembre","status":"publish","type":"post","link":"https:\/\/alhaurinelgrande.es\/cultura\/el-consejero-de-la-presidencia-elias-bendodo-visita-la-casa-museo-antonio-gala-que-abrira-en-noviembre\/","title":{"rendered":"EL CONSEJERO DE LA PRESIDENCIA EL\u00cdAS BENDODO VISITA LA CASA MUSEO ANTONIO GALA QUE ABRIR\u00c1 EN NOVIEMBRE"},"content":{"rendered":"<p>La alcaldesa de Alhaur\u00edn el Grande\u00a0<strong>To\u00f1i Ledesma<\/strong>\u00a0ha acompa\u00f1ado al Consejero de la Presidencia de la Junta de Andaluc\u00eda\u00a0<strong>El\u00edas Bendodo<\/strong>\u00a0en una visita institucional a la\u00a0<strong>Casa Museo Antonio Gala-La Baltasara<\/strong>, realizando un recorrido por los espacios interiores y los jardines de este nuevo equipamiento cultural municipal, donde han participado otras autoridades pol\u00edticas como la Delegada del Gobierno\u00a0<strong>Patricia Navarro<\/strong>, la Delegada de Cultura\u00a0<strong>Carmen Casero<\/strong>\u00a0y el Diputado de Hacienda\u00a0<strong>Manuel L\u00f3pez<\/strong>.<\/p>\n<p><img loading=\"lazy\" decoding=\"async\" class=\"aligncenter size-large wp-image-214595\" src=\"https:\/\/alhaurinelgrande.es\/wp-content\/uploads\/2021\/10\/Foto-de-familia-1024x682.jpeg\" alt=\"\" width=\"1024\" height=\"682\" \/><\/p>\n<p>Tras recorrer este rinc\u00f3n con encanto que ha servido de inspiraci\u00f3n para uno de nuestros escritores m\u00e1s universales, el Consejero de la Presidencia tuvo la oportunidad de firmar en el\u00a0<strong>libro de visitas de la Casa Museo<\/strong>, recibiendo un obsequio conmemorativo por parte de la alcaldesa alusivo a este m\u00e1gico lugar.<\/p>\n<p><img loading=\"lazy\" decoding=\"async\" class=\"aligncenter size-large wp-image-214594\" src=\"https:\/\/alhaurinelgrande.es\/wp-content\/uploads\/2021\/10\/Firma-libro-de-visitas-1024x768.jpg\" alt=\"\" width=\"1024\" height=\"768\" \/><\/p>\n<p>La Alcaldesa agradeci\u00f3 al Presidente su visita indicando que \u201cdesde que el ayuntamiento adquiri\u00f3 la propiedad se ha estado acondicionando para hacerla visitable, llevando a cabo en este periodo el acto de inauguraci\u00f3n del equipamiento que cont\u00f3 con la presencia del Presidente de la Junta de Andaluc\u00eda Juanma Moreno, as\u00ed como otros eventos culturales celebrados en los \u00faltimos meses y pr\u00f3ximamente en noviembre, tendr\u00e1 lugar su apertura al p\u00fablico; paralelamente, el ayuntamiento est\u00e1 trabajando en un\u00a0<strong>proyecto cultural m\u00e1s amplio<\/strong>\u00a0al margen de la Casa Museo y sus jardines, que contempla la celebraci\u00f3n de encuentros, jornadas y conferencias y para ello es important\u00edsimo contar con la colaboraci\u00f3n de la Junta de Andaluc\u00eda y la Diputaci\u00f3n Provincial, un proyecto con\u00a0<strong>vocaci\u00f3n universal y abierto al mundo<\/strong>\u00a0de la cultura en todos sus \u00e1mbitos\u201d.<\/p>\n<p><img loading=\"lazy\" decoding=\"async\" class=\"aligncenter size-large wp-image-214593\" src=\"https:\/\/alhaurinelgrande.es\/wp-content\/uploads\/2021\/10\/Entrega-obsequio-768x1024.jpg\" alt=\"\" width=\"768\" height=\"1024\" \/><\/p>\n<p>El\u00edas Bendodo por su parte agradeci\u00f3 a la regidora su invitaci\u00f3n para conocer este espacio m\u00e1gico que se ha convertido en un reclamo tur\u00edstico y cultural \u201cla alcaldesa ha tenido la magn\u00edfica idea de adquirir este enclave, recuperarlo y conservarlo como\u00a0<strong>patrimonio para todos los malague\u00f1os<\/strong>\u00a0y alhaurinos, con el af\u00e1n de perpetuar la figura de este hijo predilecto de Andaluc\u00eda, uno de nuestros mejores embajadores y una figura por la que todos los andaluces y andaluzas procesamos un inmenso cari\u00f1o, respeto y \u00a0admiraci\u00f3n, convirti\u00e9ndose esta Casa Museo en un reclamo m\u00e1s para Alhaur\u00edn el Grande, la provincia de M\u00e1laga y toda Andaluc\u00eda; se trata del primer paso de un proyecto m\u00e1s ambicioso que pasa por convertirlo en un\u00a0<strong>referente cultural<\/strong>\u00a0en todos los sentidos, y con la presencia aqu\u00ed de la Junta de Andaluc\u00eda plasmamos nuestro compromiso para impulsar esta iniciativa y mantener y divulgar el\u00a0<strong>genio de Antonio Gala<\/strong>\u201d.<\/p>\n<p><img loading=\"lazy\" decoding=\"async\" class=\"aligncenter size-large wp-image-214597\" src=\"https:\/\/alhaurinelgrande.es\/wp-content\/uploads\/2021\/10\/Visita-interior-Casa-Antonio-Gala-393-1024x768.jpg\" alt=\"\" width=\"1024\" height=\"768\" \/><\/p>\n<p><strong>\u00a0<\/strong><\/p>\n<p><strong>Acerca de La Casa Museo de\u00a0 Antonio Gala-La Baltasara.<\/strong><\/p>\n<p>La Finca La Baltasara, adquirida por el Ayuntamiento de Alhaur\u00edn el Grande en octubre de 2020, alberga la Casa Museo Antonio Gala, una t\u00edpica casa de campo del siglo XVIII perfectamente conservada de 380 m<sup>2\u00a0<\/sup>distribuidos en varias estancias y rodeada de una frondosa finca con jardines y huertas de m\u00e1s de 30.000 m<sup>2\u00a0<\/sup>de extensi\u00f3n bordeada por el r\u00edo Fahala, situada en una zona rural a las afueras de Alhaur\u00edn el Grande. La vivienda conserva una muestra de todo el mobiliario, enseres, objetos personales y biblioteca que el escritor alberg\u00f3 en la que fuera su residencia de verano desde los a\u00f1os ochenta, un legado que se ha mantenido intacto tras el traslado definitivo del escritor a su residencia actual en C\u00f3rdoba.<\/p>\n<p>En este entorno id\u00edlico y lleno de paz y naturaleza, Gala se inspir\u00f3 para concebir algunas de sus mejores obras como \u201cS\u00e9neca o el beneficio de la duda\u201d, \u201cCarmen, Carmen\u201d, \u201cLa Truhana\u201d, el \u201cManuscrito Carmes\u00ed\u201d o \u201cLos papeles del agua\u201d as\u00ed como art\u00edculos que diariamente enviaba a diferentes medios de comunicaci\u00f3n como sus \u201cTroneras\u201d; en sus meses de vacaciones recibi\u00f3 en esta finca a importantes personalidades del mundo art\u00edstico y literario y tambi\u00e9n aqu\u00ed en un rinc\u00f3n destacado del jard\u00edn descansan los restos de sus queridos \u201cperrillos\u201d.<\/p>\n<p><img loading=\"lazy\" decoding=\"async\" class=\"aligncenter size-large wp-image-214598\" src=\"https:\/\/alhaurinelgrande.es\/wp-content\/uploads\/2021\/10\/Visita-tumbas-perrillos-1024x768.jpg\" alt=\"\" width=\"1024\" height=\"768\" \/><\/p>\n<p>Esta residencia de verano se ha transformado en un centro cultural multidisciplinar vinculado a la Fundaci\u00f3n Antonio Gala para J\u00f3venes Creadores, a trav\u00e9s de un convenio marco de colaboraci\u00f3n cuyo objetivo es plasmar la estrecha relaci\u00f3n entre la figura de Antonio Gala con la Fundaci\u00f3n y con Alhaur\u00edn el Grande.<\/p>\n<p>Para la gesti\u00f3n muse\u00edstica de este espacio se han realizado diferentes adaptaciones respetando su estado original, como mejoras en materia de iluminaci\u00f3n tanto del interior de la casa como de los jardines, creaci\u00f3n de una oficina de informaci\u00f3n-recepci\u00f3n y ampliaci\u00f3n del aparcamiento. Adem\u00e1s, se ha dise\u00f1ado una imagen corporativa propia as\u00ed como redes sociales y p\u00e1gina web para la gesti\u00f3n de las entradas al museo, que podr\u00e1 abrirse al p\u00fablico el pr\u00f3ximo mes de noviembre, aunque ya durante este verano ha albergado diferentes eventos musicales y literarios que han sido todo un \u00e9xito.<\/p>\n<p><a href=\"https:\/\/www.facebook.com\/media\/set?vanity=AytoAlhaurin&amp;set=a.2040285639457976\">GALER\u00cdA DE IM\u00c1GENES<\/a><\/p>\n","protected":false},"excerpt":{"rendered":"<p>La alcaldesa de Alhaur\u00edn el Grande\u00a0To\u00f1i Ledesma\u00a0ha acompa\u00f1ado al Consejero de la Presidencia de la Junta de Andaluc\u00eda\u00a0El\u00edas Bendodo\u00a0en una visita institucional a la\u00a0Casa Museo Antonio Gala-La Baltasara, realizando un recorrido por los espacios interiores y los jardines de este nuevo equipamiento cultural municipal, donde han participado otras autoridades pol\u00edticas como la Delegada del Gobierno\u00a0Patricia [&hellip;]<\/p>\n","protected":false},"author":3,"featured_media":214915,"comment_status":"open","ping_status":"open","sticky":false,"template":"","format":"standard","meta":{"_et_pb_use_builder":"","_et_pb_old_content":"","_et_gb_content_width":"","footnotes":""},"categories":[13],"tags":[],"_links":{"self":[{"href":"https:\/\/alhaurinelgrande.es\/cultura\/wp-json\/wp\/v2\/posts\/214914"}],"collection":[{"href":"https:\/\/alhaurinelgrande.es\/cultura\/wp-json\/wp\/v2\/posts"}],"about":[{"href":"https:\/\/alhaurinelgrande.es\/cultura\/wp-json\/wp\/v2\/types\/post"}],"author":[{"embeddable":true,"href":"https:\/\/alhaurinelgrande.es\/cultura\/wp-json\/wp\/v2\/users\/3"}],"replies":[{"embeddable":true,"href":"https:\/\/alhaurinelgrande.es\/cultura\/wp-json\/wp\/v2\/comments?post=214914"}],"version-history":[{"count":1,"href":"https:\/\/alhaurinelgrande.es\/cultura\/wp-json\/wp\/v2\/posts\/214914\/revisions"}],"predecessor-version":[{"id":214916,"href":"https:\/\/alhaurinelgrande.es\/cultura\/wp-json\/wp\/v2\/posts\/214914\/revisions\/214916"}],"wp:featuredmedia":[{"embeddable":true,"href":"https:\/\/alhaurinelgrande.es\/cultura\/wp-json\/wp\/v2\/media\/214915"}],"wp:attachment":[{"href":"https:\/\/alhaurinelgrande.es\/cultura\/wp-json\/wp\/v2\/media?parent=214914"}],"wp:term":[{"taxonomy":"category","embeddable":true,"href":"https:\/\/alhaurinelgrande.es\/cultura\/wp-json\/wp\/v2\/categories?post=214914"},{"taxonomy":"post_tag","embeddable":true,"href":"https:\/\/alhaurinelgrande.es\/cultura\/wp-json\/wp\/v2\/tags?post=214914"}],"curies":[{"name":"wp","href":"https:\/\/api.w.org\/{rel}","templated":true}]}}