{"id":214903,"date":"2021-10-02T15:46:31","date_gmt":"2021-10-02T13:46:31","guid":{"rendered":"https:\/\/alhaurinelgrande.es\/cultura\/?p=214903"},"modified":"2021-10-07T15:56:07","modified_gmt":"2021-10-07T13:56:07","slug":"alhaurin-el-grande-celebra-el-91-cumpleanos-de-antonio-gala","status":"publish","type":"post","link":"https:\/\/alhaurinelgrande.es\/cultura\/alhaurin-el-grande-celebra-el-91-cumpleanos-de-antonio-gala\/","title":{"rendered":"ALHAUR\u00cdN EL GRANDE CELEBRA EL 91 CUMPLEA\u00d1OS DE ANTONIO GALA"},"content":{"rendered":"<p>El pasado s\u00e1bado 2 de octubre Alhaur\u00edn el Grande conmemoraba el\u00a0<strong>91 cumplea\u00f1os<\/strong>\u00a0del ilustre escritor\u00a0<strong>Antonio Gala<\/strong>\u00a0con un recital de poes\u00eda en su honor titulado \u00ab19 poemas, 91 a\u00f1os de Antonio Gala\u00bb, a cargo de Juan Cris\u00f3stomo, Pedro J. Plaza y Luis C\u00e1rdenas, que tuvo como escenario el nuevo espacio cultural\u00a0<strong>Casa Museo Antonio Gala-La Baltasara,<\/strong>\u00a0inaugurando oficialmente la programaci\u00f3n del\u00a0<strong>Oto\u00f1o Cultural 2021.<\/strong><\/p>\n<p><img loading=\"lazy\" decoding=\"async\" class=\"aligncenter size-large wp-image-214479\" src=\"https:\/\/alhaurinelgrande.es\/wp-content\/uploads\/2021\/10\/91-cumpleanos-Antonio-Gala-3-1024x682.jpeg\" alt=\"\" width=\"1024\" height=\"682\" \/><\/p>\n<p>Este recital tan especial dio voz a algunos de los poemas del prol\u00edfico autor incluidos en el libro \u201cDesde el sur te lo digo\u201d, poemas dedicados a M\u00e1laga, desde M\u00e1laga y para M\u00e1laga, seg\u00fan explicaba el concejal de cultura\u00a0<strong>Francisco Jos\u00e9 Burgos<\/strong>\u00a0quien adelant\u00f3 que \u201ccon esta\u00a0 celebraci\u00f3n arrancamos el Oto\u00f1o Cultural 2021 en la Casa Museo Antonio Gala-La Baltasara, con una programaci\u00f3n fruto del convenio de colaboraci\u00f3n con la Fundaci\u00f3n Antonio Gala para J\u00f3venes Creadores, mostrando el compromiso de nuestro ayuntamiento con la cultura y la figura de Antonio Gala\u201d.<\/p>\n<p><img loading=\"lazy\" decoding=\"async\" class=\"aligncenter size-large wp-image-214481\" src=\"https:\/\/alhaurinelgrande.es\/wp-content\/uploads\/2021\/10\/91-cumpleanos-Antonio-Gala-8-1024x682.jpeg\" alt=\"\" width=\"1024\" height=\"682\" \/><\/p>\n<p>El evento con entrada libre previa de invitaci\u00f3n, sirvi\u00f3 tambi\u00e9n como jornada de puertas abiertas para todos las personas interesadas en conocer este lugar hist\u00f3rico donde el intelectual pas\u00f3 m\u00e1s de tres d\u00e9cadas, sirviendo como espacio de inspiraci\u00f3n para gran parte de su obra.<\/p>\n<p><img loading=\"lazy\" decoding=\"async\" class=\"aligncenter size-large wp-image-214482\" src=\"https:\/\/alhaurinelgrande.es\/wp-content\/uploads\/2021\/10\/91-cumpleanos-Antonio-Gala-9-1024x682.jpeg\" alt=\"\" width=\"1024\" height=\"682\" \/><\/p>\n<p>Seg\u00fan adelant\u00f3\u00a0<strong>la alcaldesa To\u00f1i Ledesma,<\/strong>\u00a0\u201cestamos ultimando los detalles para la apertura al p\u00fablico de la Casa Museo Antonio Gala-La Baltasara que en pocas semanas podr\u00e1 ser una realidad, con una proyecci\u00f3n como referente cultural no solo a nivel nacional sino universal\u201d.<\/p>\n<p><a href=\"https:\/\/www.facebook.com\/media\/set\/?vanity=Rtvalhaurin&amp;set=a.2811445245812386\">GALER\u00cdA DE IM\u00c1GENES<\/a><\/p>\n","protected":false},"excerpt":{"rendered":"<p>El pasado s\u00e1bado 2 de octubre Alhaur\u00edn el Grande conmemoraba el\u00a091 cumplea\u00f1os\u00a0del ilustre escritor\u00a0Antonio Gala\u00a0con un recital de poes\u00eda en su honor titulado \u00ab19 poemas, 91 a\u00f1os de Antonio Gala\u00bb, a cargo de Juan Cris\u00f3stomo, Pedro J. Plaza y Luis C\u00e1rdenas, que tuvo como escenario el nuevo espacio cultural\u00a0Casa Museo Antonio Gala-La Baltasara,\u00a0inaugurando oficialmente la [&hellip;]<\/p>\n","protected":false},"author":3,"featured_media":214904,"comment_status":"open","ping_status":"open","sticky":false,"template":"","format":"standard","meta":{"_et_pb_use_builder":"","_et_pb_old_content":"","_et_gb_content_width":"","footnotes":""},"categories":[13,22],"tags":[],"_links":{"self":[{"href":"https:\/\/alhaurinelgrande.es\/cultura\/wp-json\/wp\/v2\/posts\/214903"}],"collection":[{"href":"https:\/\/alhaurinelgrande.es\/cultura\/wp-json\/wp\/v2\/posts"}],"about":[{"href":"https:\/\/alhaurinelgrande.es\/cultura\/wp-json\/wp\/v2\/types\/post"}],"author":[{"embeddable":true,"href":"https:\/\/alhaurinelgrande.es\/cultura\/wp-json\/wp\/v2\/users\/3"}],"replies":[{"embeddable":true,"href":"https:\/\/alhaurinelgrande.es\/cultura\/wp-json\/wp\/v2\/comments?post=214903"}],"version-history":[{"count":1,"href":"https:\/\/alhaurinelgrande.es\/cultura\/wp-json\/wp\/v2\/posts\/214903\/revisions"}],"predecessor-version":[{"id":214905,"href":"https:\/\/alhaurinelgrande.es\/cultura\/wp-json\/wp\/v2\/posts\/214903\/revisions\/214905"}],"wp:featuredmedia":[{"embeddable":true,"href":"https:\/\/alhaurinelgrande.es\/cultura\/wp-json\/wp\/v2\/media\/214904"}],"wp:attachment":[{"href":"https:\/\/alhaurinelgrande.es\/cultura\/wp-json\/wp\/v2\/media?parent=214903"}],"wp:term":[{"taxonomy":"category","embeddable":true,"href":"https:\/\/alhaurinelgrande.es\/cultura\/wp-json\/wp\/v2\/categories?post=214903"},{"taxonomy":"post_tag","embeddable":true,"href":"https:\/\/alhaurinelgrande.es\/cultura\/wp-json\/wp\/v2\/tags?post=214903"}],"curies":[{"name":"wp","href":"https:\/\/api.w.org\/{rel}","templated":true}]}}