{"id":214892,"date":"2021-08-27T10:01:51","date_gmt":"2021-08-27T08:01:51","guid":{"rendered":"https:\/\/alhaurinelgrande.es\/cultura\/?p=214892"},"modified":"2021-09-22T10:03:08","modified_gmt":"2021-09-22T08:03:08","slug":"el-teatro-antonio-gala-acogera-la-vii-bienal-de-arte-flamenco-de-malaga-con-el-espectaculo-alquimia","status":"publish","type":"post","link":"https:\/\/alhaurinelgrande.es\/cultura\/el-teatro-antonio-gala-acogera-la-vii-bienal-de-arte-flamenco-de-malaga-con-el-espectaculo-alquimia\/","title":{"rendered":"EL TEATRO ANTONIO GALA ACOGER\u00c1 LA VII BIENAL DE ARTE FLAMENCO DE M\u00c1LAGA CON EL ESPECT\u00c1CULO \u201cALQUIMIA\u201d"},"content":{"rendered":"<p>El Concejal de Cultura\u00a0<strong>Francisco Jos\u00e9 Burgos<\/strong>, ha presentado la primera de las actividades que inaugurar\u00e1 la temporada de oto\u00f1o del Teatro Municipal Antonio Gala.<\/p>\n<p><img loading=\"lazy\" decoding=\"async\" class=\"aligncenter size-large wp-image-212194\" src=\"https:\/\/alhaurinelgrande.es\/wp-content\/uploads\/2021\/08\/Alquimia-724x1024.jpg\" alt=\"\" width=\"724\" height=\"1024\" \/><\/p>\n<p>Se trata del espect\u00e1culo\u00a0<strong>\u201cAlquimia\u201d<\/strong>\u00a0correspondiente a la\u00a0<strong>VII edici\u00f3n de la Bienal de Arte Flamenco de M\u00e1laga,<\/strong>\u00a0perteneciente al circuito de la Diputaci\u00f3n Provincial de M\u00e1laga, que tendr\u00e1 lugar el pr\u00f3ximo\u00a0<strong>10 de septiembre a partir de las 21:00 horas<\/strong>.<\/p>\n<p>\u201cEl espect\u00e1culo flamenco\u00a0<em>Alquimia<\/em>\u00a0est\u00e1 protagonizado por la cantaora Antonia Contreras que ha creado un repertorio nuevo para la ocasi\u00f3n, junto con Juan Ram\u00f3n Caro como fiel escudero a la guitarra, el majestuoso baile de Carmen Camacho y la elegante percusi\u00f3n de David Galiano, una ocasi\u00f3n \u00fanica para disfrutar y emocionarnos con este arte\u201d, ha explicado el edil.<\/p>\n<p><img loading=\"lazy\" decoding=\"async\" class=\"aligncenter size-large wp-image-212195\" src=\"https:\/\/alhaurinelgrande.es\/wp-content\/uploads\/2021\/08\/Pres-Alquimia-1024x768.jpeg\" alt=\"\" width=\"1024\" height=\"768\" \/><\/p>\n<p>Las entradas estar\u00e1n a la venta a partir del pr\u00f3ximo lunes 30 de agosto en las plataformas\u00a0<a href=\"http:\/\/malagaenflamenco.com\/\">malagaenflamenco.com<\/a>\u00a0y\u00a0<a href=\"http:\/\/www.mientrada.net\/\">www.mientrada.net<\/a>.<\/p>\n<p>M\u00e1s informaci\u00f3n en los tel\u00e9fonos 952 59 55 99 y 902 646 289.<\/p>\n","protected":false},"excerpt":{"rendered":"<p>El Concejal de Cultura\u00a0Francisco Jos\u00e9 Burgos, ha presentado la primera de las actividades que inaugurar\u00e1 la temporada de oto\u00f1o del Teatro Municipal Antonio Gala. Se trata del espect\u00e1culo\u00a0\u201cAlquimia\u201d\u00a0correspondiente a la\u00a0VII edici\u00f3n de la Bienal de Arte Flamenco de M\u00e1laga,\u00a0perteneciente al circuito de la Diputaci\u00f3n Provincial de M\u00e1laga, que tendr\u00e1 lugar el pr\u00f3ximo\u00a010 de septiembre a [&hellip;]<\/p>\n","protected":false},"author":3,"featured_media":214893,"comment_status":"open","ping_status":"open","sticky":false,"template":"","format":"standard","meta":{"_et_pb_use_builder":"","_et_pb_old_content":"","_et_gb_content_width":"","footnotes":""},"categories":[35,13],"tags":[],"_links":{"self":[{"href":"https:\/\/alhaurinelgrande.es\/cultura\/wp-json\/wp\/v2\/posts\/214892"}],"collection":[{"href":"https:\/\/alhaurinelgrande.es\/cultura\/wp-json\/wp\/v2\/posts"}],"about":[{"href":"https:\/\/alhaurinelgrande.es\/cultura\/wp-json\/wp\/v2\/types\/post"}],"author":[{"embeddable":true,"href":"https:\/\/alhaurinelgrande.es\/cultura\/wp-json\/wp\/v2\/users\/3"}],"replies":[{"embeddable":true,"href":"https:\/\/alhaurinelgrande.es\/cultura\/wp-json\/wp\/v2\/comments?post=214892"}],"version-history":[{"count":1,"href":"https:\/\/alhaurinelgrande.es\/cultura\/wp-json\/wp\/v2\/posts\/214892\/revisions"}],"predecessor-version":[{"id":214894,"href":"https:\/\/alhaurinelgrande.es\/cultura\/wp-json\/wp\/v2\/posts\/214892\/revisions\/214894"}],"wp:featuredmedia":[{"embeddable":true,"href":"https:\/\/alhaurinelgrande.es\/cultura\/wp-json\/wp\/v2\/media\/214893"}],"wp:attachment":[{"href":"https:\/\/alhaurinelgrande.es\/cultura\/wp-json\/wp\/v2\/media?parent=214892"}],"wp:term":[{"taxonomy":"category","embeddable":true,"href":"https:\/\/alhaurinelgrande.es\/cultura\/wp-json\/wp\/v2\/categories?post=214892"},{"taxonomy":"post_tag","embeddable":true,"href":"https:\/\/alhaurinelgrande.es\/cultura\/wp-json\/wp\/v2\/tags?post=214892"}],"curies":[{"name":"wp","href":"https:\/\/api.w.org\/{rel}","templated":true}]}}