{"id":214886,"date":"2021-08-31T09:54:10","date_gmt":"2021-08-31T07:54:10","guid":{"rendered":"https:\/\/alhaurinelgrande.es\/cultura\/?p=214886"},"modified":"2021-09-22T09:56:35","modified_gmt":"2021-09-22T07:56:35","slug":"el-cortometraje-argumosa-11-se-proyectara-el-proximo-2-de-septiembre","status":"publish","type":"post","link":"https:\/\/alhaurinelgrande.es\/cultura\/el-cortometraje-argumosa-11-se-proyectara-el-proximo-2-de-septiembre\/","title":{"rendered":"EL CORTOMETRAJE \u201cARGUMOSA 11\u201d SE PROYECTAR\u00c1 EL PR\u00d3XIMO 2 DE SEPTIEMBRE"},"content":{"rendered":"<p>El concejal de cultura Francisco Jos\u00e9 Burgos ha informado que el pr\u00f3ximo\u00a0<strong>2 de septiembre<\/strong>,\u00a0<strong>Alhaur\u00edn el Grande<\/strong>\u00a0acoger\u00e1 la proyecci\u00f3n del cortometraje titulado\u00a0<strong>\u201cArgumosa 11\u201d<\/strong>, dirigido por el cineasta\u00a0<strong>Daniel Ortiz Entrambasaguas<\/strong>. La actividad contar\u00e1 con una charla \u2013 coloquio posterior en la que tendr\u00e1n la oportunidad de participar todos los asistentes.<\/p>\n<p><img loading=\"lazy\" decoding=\"async\" class=\"aligncenter size-full wp-image-212205\" src=\"https:\/\/alhaurinelgrande.es\/wp-content\/uploads\/2021\/08\/PRESENTACION-CORTO-ARGUMOSA11-e1630409303675.jpeg\" sizes=\"(min-width: 0px) and (max-width: 480px) 480px, (min-width: 481px) 560px, 100vw\" srcset=\"https:\/\/alhaurinelgrande.es\/wp-content\/uploads\/2021\/08\/PRESENTACION-CORTO-ARGUMOSA11-e1630409303675.jpeg 560w, https:\/\/alhaurinelgrande.es\/wp-content\/uploads\/2021\/08\/PRESENTACION-CORTO-ARGUMOSA11-480x480.jpeg 480w\" alt=\"\" width=\"560\" height=\"560\" \/><\/p>\n<p>La obra trata asuntos como la realidad de la pobreza infantil, el desempleo y los desahucios. Fue rodado el pasado mes de mayo en\u00a0<strong>M\u00e1laga y Benalm\u00e1dena<\/strong>\u00a0y tiene una duraci\u00f3n de 10 minutos.<\/p>\n<p>Esta producci\u00f3n de<strong>\u00a0Danidogfilms<\/strong>\u00a0ha participado en el\u00a0<strong>Festival de M\u00e1laga<\/strong>\u00a0de este a\u00f1o, y ahora la Diputaci\u00f3n lo est\u00e1 llevando a diferentes municipios de la provincia.<\/p>\n<p><img loading=\"lazy\" decoding=\"async\" class=\"aligncenter size-full wp-image-212206\" src=\"https:\/\/alhaurinelgrande.es\/wp-content\/uploads\/2021\/08\/argumosa-11-e1630409285203.jpg\" sizes=\"(min-width: 0px) and (max-width: 480px) 480px, (min-width: 481px) 560px, 100vw\" srcset=\"https:\/\/alhaurinelgrande.es\/wp-content\/uploads\/2021\/08\/argumosa-11-e1630409285203.jpg 560w, https:\/\/alhaurinelgrande.es\/wp-content\/uploads\/2021\/08\/argumosa-11-480x270.jpg 480w\" alt=\"\" width=\"560\" height=\"315\" \/><\/p>\n<p>La historia presenta a tres personajes: una mujer adulta que se muestra preocupada, y dos ni\u00f1os que juegan en casa en lo que parece un d\u00eda normal, y sin saber que quiz\u00e1s en unas horas, su futuro pueda cambiar para siempre.<\/p>\n<p>La proyecci\u00f3n de este trabajo tendr\u00e1 lugar en el sal\u00f3n de actos la biblioteca municipal el\u00a0<strong>jueves 2 de septiembre a las 20:00 h<\/strong>.<\/p>\n<p>La entrada ser\u00e1 libre y gratuita hasta completar el aforo, que ser\u00e1 reducido seg\u00fan la normativa vigente.<\/p>\n<p><a href=\"https:\/\/www.dailymotion.com\/video\/x81r26q\">TRAILER ARGUMOSA 11<\/a><\/p>\n","protected":false},"excerpt":{"rendered":"<p>El concejal de cultura Francisco Jos\u00e9 Burgos ha informado que el pr\u00f3ximo\u00a02 de septiembre,\u00a0Alhaur\u00edn el Grande\u00a0acoger\u00e1 la proyecci\u00f3n del cortometraje titulado\u00a0\u201cArgumosa 11\u201d, dirigido por el cineasta\u00a0Daniel Ortiz Entrambasaguas. La actividad contar\u00e1 con una charla \u2013 coloquio posterior en la que tendr\u00e1n la oportunidad de participar todos los asistentes. La obra trata asuntos como la realidad [&hellip;]<\/p>\n","protected":false},"author":3,"featured_media":214887,"comment_status":"open","ping_status":"open","sticky":false,"template":"","format":"standard","meta":{"_et_pb_use_builder":"","_et_pb_old_content":"","_et_gb_content_width":"","footnotes":""},"categories":[35,13],"tags":[],"_links":{"self":[{"href":"https:\/\/alhaurinelgrande.es\/cultura\/wp-json\/wp\/v2\/posts\/214886"}],"collection":[{"href":"https:\/\/alhaurinelgrande.es\/cultura\/wp-json\/wp\/v2\/posts"}],"about":[{"href":"https:\/\/alhaurinelgrande.es\/cultura\/wp-json\/wp\/v2\/types\/post"}],"author":[{"embeddable":true,"href":"https:\/\/alhaurinelgrande.es\/cultura\/wp-json\/wp\/v2\/users\/3"}],"replies":[{"embeddable":true,"href":"https:\/\/alhaurinelgrande.es\/cultura\/wp-json\/wp\/v2\/comments?post=214886"}],"version-history":[{"count":1,"href":"https:\/\/alhaurinelgrande.es\/cultura\/wp-json\/wp\/v2\/posts\/214886\/revisions"}],"predecessor-version":[{"id":214888,"href":"https:\/\/alhaurinelgrande.es\/cultura\/wp-json\/wp\/v2\/posts\/214886\/revisions\/214888"}],"wp:featuredmedia":[{"embeddable":true,"href":"https:\/\/alhaurinelgrande.es\/cultura\/wp-json\/wp\/v2\/media\/214887"}],"wp:attachment":[{"href":"https:\/\/alhaurinelgrande.es\/cultura\/wp-json\/wp\/v2\/media?parent=214886"}],"wp:term":[{"taxonomy":"category","embeddable":true,"href":"https:\/\/alhaurinelgrande.es\/cultura\/wp-json\/wp\/v2\/categories?post=214886"},{"taxonomy":"post_tag","embeddable":true,"href":"https:\/\/alhaurinelgrande.es\/cultura\/wp-json\/wp\/v2\/tags?post=214886"}],"curies":[{"name":"wp","href":"https:\/\/api.w.org\/{rel}","templated":true}]}}