{"id":214882,"date":"2021-09-03T09:46:30","date_gmt":"2021-09-03T07:46:30","guid":{"rendered":"https:\/\/alhaurinelgrande.es\/cultura\/?p=214882"},"modified":"2021-09-22T09:54:04","modified_gmt":"2021-09-22T07:54:04","slug":"la-ermita-del-cristo-de-las-agonias-abrira-en-horario-especial-del-6-al-12-de-septiembre","status":"publish","type":"post","link":"https:\/\/alhaurinelgrande.es\/cultura\/la-ermita-del-cristo-de-las-agonias-abrira-en-horario-especial-del-6-al-12-de-septiembre\/","title":{"rendered":"LA ERMITA DEL CRISTO DE LAS AGON\u00cdAS ABRIR\u00c1 EN HORARIO ESPECIAL DEL 6 AL 12 DE SEPTIEMBRE"},"content":{"rendered":"<p>El Concejal de Cultura y Fiestas,\u00a0<strong>Francisco Jos\u00e9 Burgos<\/strong>\u00a0ha anunciado que, al no poder celebrarse debido a la pandemia la tradicional\u00a0<strong>Romer\u00eda de septiembre en honor al Cristo de las Agon\u00edas,<\/strong>\u00a0se ha establecido la\u00a0<strong>apertura de la Ermita de las Agon\u00edas del 6 al 12 de septiembre,<\/strong>\u00a0en horario especial de tarde de 18:00 a 20:30 horas, y s\u00e1bado y domingos de ma\u00f1ana 10:00 a 13:00 horas y tambi\u00e9n de tarde de 18:00 a 20:30 horas.<\/p>\n<p><img loading=\"lazy\" decoding=\"async\" class=\"aligncenter size-large wp-image-212242\" src=\"https:\/\/alhaurinelgrande.es\/wp-content\/uploads\/2021\/09\/Francisco-Jose-Burgos-1024x576.jpeg\" alt=\"\" width=\"1024\" height=\"576\" \/><\/p>\n<p>\u201cCon el objetivo de mantener nuestras tradiciones a pesar de la situaci\u00f3n de pandemia, y puesto que la Romer\u00eda de Septiembre no se celebrar\u00e1 para evitar aglomeraciones de personas, hemos establecido la apertura con un amplio horario de visitas de la Ermita de la Agon\u00eda, para que los alhaurinos y alhaurinas puedan hacer sus ofrendas de forma escalonada y respetando la normativa sanitaria vigente\u201d, explicaba el edil se\u00f1alando que \u201cdesde el ayuntamiento seguimos trabajando para crear alternativas a nuestras fiestas y celebraciones y mantener vivas nuestras tradiciones adapt\u00e1ndonos a la situaci\u00f3n sanitaria\u201d.<\/p>\n<p><img loading=\"lazy\" decoding=\"async\" class=\"aligncenter size-large wp-image-212241\" src=\"https:\/\/alhaurinelgrande.es\/wp-content\/uploads\/2021\/09\/Agonias-2021-805x1024.jpg\" alt=\"\" width=\"805\" height=\"1024\" \/>3<\/p>\n","protected":false},"excerpt":{"rendered":"<p>El Concejal de Cultura y Fiestas,\u00a0Francisco Jos\u00e9 Burgos\u00a0ha anunciado que, al no poder celebrarse debido a la pandemia la tradicional\u00a0Romer\u00eda de septiembre en honor al Cristo de las Agon\u00edas,\u00a0se ha establecido la\u00a0apertura de la Ermita de las Agon\u00edas del 6 al 12 de septiembre,\u00a0en horario especial de tarde de 18:00 a 20:30 horas, y s\u00e1bado [&hellip;]<\/p>\n","protected":false},"author":3,"featured_media":214883,"comment_status":"open","ping_status":"open","sticky":false,"template":"","format":"standard","meta":{"_et_pb_use_builder":"","_et_pb_old_content":"","_et_gb_content_width":"","footnotes":""},"categories":[13,22,32],"tags":[],"_links":{"self":[{"href":"https:\/\/alhaurinelgrande.es\/cultura\/wp-json\/wp\/v2\/posts\/214882"}],"collection":[{"href":"https:\/\/alhaurinelgrande.es\/cultura\/wp-json\/wp\/v2\/posts"}],"about":[{"href":"https:\/\/alhaurinelgrande.es\/cultura\/wp-json\/wp\/v2\/types\/post"}],"author":[{"embeddable":true,"href":"https:\/\/alhaurinelgrande.es\/cultura\/wp-json\/wp\/v2\/users\/3"}],"replies":[{"embeddable":true,"href":"https:\/\/alhaurinelgrande.es\/cultura\/wp-json\/wp\/v2\/comments?post=214882"}],"version-history":[{"count":1,"href":"https:\/\/alhaurinelgrande.es\/cultura\/wp-json\/wp\/v2\/posts\/214882\/revisions"}],"predecessor-version":[{"id":214884,"href":"https:\/\/alhaurinelgrande.es\/cultura\/wp-json\/wp\/v2\/posts\/214882\/revisions\/214884"}],"wp:featuredmedia":[{"embeddable":true,"href":"https:\/\/alhaurinelgrande.es\/cultura\/wp-json\/wp\/v2\/media\/214883"}],"wp:attachment":[{"href":"https:\/\/alhaurinelgrande.es\/cultura\/wp-json\/wp\/v2\/media?parent=214882"}],"wp:term":[{"taxonomy":"category","embeddable":true,"href":"https:\/\/alhaurinelgrande.es\/cultura\/wp-json\/wp\/v2\/categories?post=214882"},{"taxonomy":"post_tag","embeddable":true,"href":"https:\/\/alhaurinelgrande.es\/cultura\/wp-json\/wp\/v2\/tags?post=214882"}],"curies":[{"name":"wp","href":"https:\/\/api.w.org\/{rel}","templated":true}]}}