{"id":214870,"date":"2021-08-02T14:05:34","date_gmt":"2021-08-02T12:05:34","guid":{"rendered":"https:\/\/alhaurinelgrande.es\/cultura\/?p=214870"},"modified":"2021-08-25T14:09:45","modified_gmt":"2021-08-25T12:09:45","slug":"el-nivel-del-cartel-el-nuevo-recinto-y-los-homenajes-crearon-una-xxxviii-noche-flamenca-memorable","status":"publish","type":"post","link":"https:\/\/alhaurinelgrande.es\/cultura\/el-nivel-del-cartel-el-nuevo-recinto-y-los-homenajes-crearon-una-xxxviii-noche-flamenca-memorable\/","title":{"rendered":"EL NIVEL DEL CARTEL, EL NUEVO RECINTO Y LOS HOMENAJES CREARON UNA XXXVIII NOCHE FLAMENCA MEMORABLE"},"content":{"rendered":"<p>La del s\u00e1bado fue una\u00a0Noche Flamenca\u00a0para el recuerdo. No solo por el gran espect\u00e1culo que disfrutaron los asistentes, sino tambi\u00e9n por el\u00a0<strong>homenaje que brindaron a cinco alhaurinos vinculados al flamenco<\/strong>\u00a0que nos han dejado el \u00faltimo a\u00f1o. Las familias de\u00a0<strong>Juan Plaza, \u201cCapote de los Claveles\u201d, Paco \u00abEl Guardamontes, Juan Pe\u00f1a y Diego P\u00e9rez<\/strong>\u00a0se subieron el escenario para recoger una ofrenda y pronunciar unas palabras.<\/p>\n<p>La\u00a0<strong>seguridad<\/strong>\u00a0fue otro de los aspectos destacados de la XXXVIII Noche Flamenca Villa de Alhaur\u00edn el Grande. El\u00a0<a href=\"https:\/\/alhaurinelgrande.es\/\">Ayuntamiento<\/a>, con la colaboraci\u00f3n de la\u00a0<strong>Pe\u00f1a Uni\u00f3n Flamenca Alhaurina y de Hargasfal<\/strong>, organiz\u00f3 el evento en un nuevo espacio:\u00a0<strong>en el Recinto Ferial Alcalde Antonio Solano<\/strong>\u00a0para permitir un mayor aforo y m\u00e1s separaci\u00f3n entre los asistentes, respetando todas las medidas actuales de seguridad sanitaria.<\/p>\n<p>&nbsp;<\/p>\n<p><img loading=\"lazy\" decoding=\"async\" class=\" wp-image-212156 aligncenter\" src=\"https:\/\/alhaurinelgrande.es\/wp-content\/uploads\/2021\/08\/1627904397097.jpg\" alt=\"\" width=\"544\" height=\"362\" \/><\/p>\n<p>La primera actuaci\u00f3n fue la del Cuadro Flamenco de\u00a0<strong>Luisa Chicano<\/strong>. La bailaora malague\u00f1a volvi\u00f3 al cartel del festival alhaurino y entreg\u00f3 su alma sobre el escenario. La siguiente en derrochar duende sobre las tablas fue\u00a0<strong>Marina Bad\u00eda<\/strong>, una artista local, cada vez con m\u00e1s proyecci\u00f3n en la provincia. Le acompa\u00f1\u00f3 Andr\u00e9s Cansino a la guitarra. \u00abHa sido una noche especial y un poco rara por las personas que nos faltan, los flamencos y aficionados que se han ido este a\u00f1o. Por eso llevaba un pellizco ah\u00ed cuando he subido al escenario, pero me ha dado alegr\u00eda al ver el Recinto Ferial lleno\u00bb, confes\u00f3 la cantaora alhaurina.<\/p>\n<p>Otra portentosa voz fue la de\u00a0<strong>Lela Soto<\/strong>, joven cantaora que ha irrumpido de forma importante en el mundo del flamenco en los \u00faltimos a\u00f1os. Cont\u00f3 con el toque de guitarra de Rub\u00e9n Lara. El cabeza de cartel\u00a0<strong>Israel Fern\u00e1ndez<\/strong>\u00a0cerr\u00f3 la Noche Flamenca. Arras\u00f3 el escenario con su entrega y magnetismo, ya que se trata de una de las figuras m\u00e1s relevantes del flamenco actual. \u00abEsto es nuestra vida, nuestra forma de vivir\u00bb, declar\u00f3 un agradecido Israel Fern\u00e1ndez por volver a los escenarios.<\/p>\n<ul class=\"et_post_gallery clearfix\">\n<li class=\"et_gallery_item et_pb_gallery_image\"><a title=\"1627904397094\" href=\"https:\/\/alhaurinelgrande.es\/wp-content\/uploads\/2021\/08\/1627904397094.jpg\"><span class=\"et_portfolio_image\"><img loading=\"lazy\" decoding=\"async\" class=\"attachment-et-pb-portfolio-image size-et-pb-portfolio-image aligncenter\" src=\"https:\/\/alhaurinelgrande.es\/wp-content\/uploads\/2021\/08\/1627904397094-400x284.jpg\" alt=\"\" width=\"400\" height=\"284\" \/><\/span><\/a><\/li>\n<li class=\"et_gallery_item et_pb_gallery_image\"><a title=\"1627904397096\" href=\"https:\/\/alhaurinelgrande.es\/wp-content\/uploads\/2021\/08\/1627904397096.jpg\"><span class=\"et_portfolio_image\"><img loading=\"lazy\" decoding=\"async\" class=\"attachment-et-pb-portfolio-image size-et-pb-portfolio-image aligncenter\" src=\"https:\/\/alhaurinelgrande.es\/wp-content\/uploads\/2021\/08\/1627904397096-400x284.jpg\" alt=\"\" width=\"400\" height=\"284\" \/><\/span><\/a><\/li>\n<li class=\"et_gallery_item et_pb_gallery_image\"><a title=\"1627904397090\" href=\"https:\/\/alhaurinelgrande.es\/wp-content\/uploads\/2021\/08\/1627904397090.jpg\"><span class=\"et_portfolio_image\"><img loading=\"lazy\" decoding=\"async\" class=\"attachment-et-pb-portfolio-image size-et-pb-portfolio-image aligncenter\" src=\"https:\/\/alhaurinelgrande.es\/wp-content\/uploads\/2021\/08\/1627904397090-400x284.jpg\" alt=\"\" width=\"400\" height=\"284\" \/><\/span><\/a><\/li>\n<li class=\"et_gallery_item et_pb_gallery_image\"><a title=\"1627904397089\" href=\"https:\/\/alhaurinelgrande.es\/wp-content\/uploads\/2021\/08\/1627904397089.jpg\"><span class=\"et_portfolio_image\"><img loading=\"lazy\" decoding=\"async\" class=\"attachment-et-pb-portfolio-image size-et-pb-portfolio-image aligncenter\" src=\"https:\/\/alhaurinelgrande.es\/wp-content\/uploads\/2021\/08\/1627904397089-400x284.jpg\" alt=\"\" width=\"400\" height=\"284\" \/><\/span><\/a><\/li>\n<\/ul>\n<p>&nbsp;<\/p>\n<p>Una noche de embrujo para disfrutar de la m\u00fasica en vivo, adem\u00e1s de la comida y bebida que hab\u00eda en la barra. El balance del festival fue positivo. \u00abEs un placer tener la Noche Flamenca en este pedazo de recinto que ha preparado nuestro Ayuntamiento\u00bb, enfatiz\u00f3 el presidente de la asociaci\u00f3n pe\u00f1a Hargasfal,\u00a0<strong>Antonio Garc\u00eda<\/strong>. \u00abAgradeceros vuestra presencia para esta noche tan bonita que el Ayuntamiento ha organizado con la colaboraci\u00f3n de las dos pe\u00f1as\u00bb, dijo al p\u00fablico el presidente de la Pe\u00f1a Uni\u00f3n Flamenca Alhaurina,\u00a0<strong>Jes\u00fas Garc\u00eda<\/strong>.<\/p>\n<p>\u00abLa valoraci\u00f3n es positiva, apunt\u00f3 la alcaldesa,\u00a0<strong>To\u00f1i Ledesma<\/strong>. \u00abEste a\u00f1o hemos apostado por este espacio en el Recinto Ferial Alcalde Antonio Solano y ha sido\u00a0<strong>un \u00e9xito rotundo<\/strong>. Ha habido much\u00edsimo p\u00fablico y se han establecido todas las medidas de seguridad. Hemos hecho una apuesta importante por este acto para que fuese seguro para todos\u00bb, destac\u00f3 To\u00f1i Ledesma.<\/p>\n","protected":false},"excerpt":{"rendered":"<p>La del s\u00e1bado fue una\u00a0Noche Flamenca\u00a0para el recuerdo. No solo por el gran espect\u00e1culo que disfrutaron los asistentes, sino tambi\u00e9n por el\u00a0homenaje que brindaron a cinco alhaurinos vinculados al flamenco\u00a0que nos han dejado el \u00faltimo a\u00f1o. Las familias de\u00a0Juan Plaza, \u201cCapote de los Claveles\u201d, Paco \u00abEl Guardamontes, Juan Pe\u00f1a y Diego P\u00e9rez\u00a0se subieron el escenario [&hellip;]<\/p>\n","protected":false},"author":3,"featured_media":214871,"comment_status":"open","ping_status":"open","sticky":false,"template":"","format":"standard","meta":{"_et_pb_use_builder":"","_et_pb_old_content":"","_et_gb_content_width":"","footnotes":""},"categories":[35,32],"tags":[],"_links":{"self":[{"href":"https:\/\/alhaurinelgrande.es\/cultura\/wp-json\/wp\/v2\/posts\/214870"}],"collection":[{"href":"https:\/\/alhaurinelgrande.es\/cultura\/wp-json\/wp\/v2\/posts"}],"about":[{"href":"https:\/\/alhaurinelgrande.es\/cultura\/wp-json\/wp\/v2\/types\/post"}],"author":[{"embeddable":true,"href":"https:\/\/alhaurinelgrande.es\/cultura\/wp-json\/wp\/v2\/users\/3"}],"replies":[{"embeddable":true,"href":"https:\/\/alhaurinelgrande.es\/cultura\/wp-json\/wp\/v2\/comments?post=214870"}],"version-history":[{"count":1,"href":"https:\/\/alhaurinelgrande.es\/cultura\/wp-json\/wp\/v2\/posts\/214870\/revisions"}],"predecessor-version":[{"id":214872,"href":"https:\/\/alhaurinelgrande.es\/cultura\/wp-json\/wp\/v2\/posts\/214870\/revisions\/214872"}],"wp:featuredmedia":[{"embeddable":true,"href":"https:\/\/alhaurinelgrande.es\/cultura\/wp-json\/wp\/v2\/media\/214871"}],"wp:attachment":[{"href":"https:\/\/alhaurinelgrande.es\/cultura\/wp-json\/wp\/v2\/media?parent=214870"}],"wp:term":[{"taxonomy":"category","embeddable":true,"href":"https:\/\/alhaurinelgrande.es\/cultura\/wp-json\/wp\/v2\/categories?post=214870"},{"taxonomy":"post_tag","embeddable":true,"href":"https:\/\/alhaurinelgrande.es\/cultura\/wp-json\/wp\/v2\/tags?post=214870"}],"curies":[{"name":"wp","href":"https:\/\/api.w.org\/{rel}","templated":true}]}}