{"id":214839,"date":"2021-07-02T15:09:31","date_gmt":"2021-07-02T13:09:31","guid":{"rendered":"https:\/\/alhaurinelgrande.es\/cultura\/?p=214839"},"modified":"2021-07-02T15:17:25","modified_gmt":"2021-07-02T13:17:25","slug":"alhaurin-el-grande-inaugura-la-baltasara-casa-museo-antonio-gala","status":"publish","type":"post","link":"https:\/\/alhaurinelgrande.es\/cultura\/alhaurin-el-grande-inaugura-la-baltasara-casa-museo-antonio-gala\/","title":{"rendered":"ALHAUR\u00cdN EL GRANDE INAUGURA \u201cLA CASA-MUSEO ANTONIO GALA\u201d EN SU FINCA &#8220;LA BALTASARA&#8221;"},"content":{"rendered":"<p><img loading=\"lazy\" decoding=\"async\" class=\"aligncenter size-large wp-image-212071\" src=\"https:\/\/alhaurinelgrande.es\/wp-content\/uploads\/2021\/07\/General-Baltasara-682x1024.jpeg\" alt=\"\" width=\"682\" height=\"1024\" \/><\/p>\n<p>El Presidente de la Junta de Andaluc\u00eda,\u00a0<strong>Juan Manuel Moreno<\/strong>\u00a0junto con la Alcaldesa de Alhaur\u00edn el Grande<strong>\u00a0To\u00f1i Ledesma<\/strong>\u00a0han presidido el acto oficial de inauguraci\u00f3n y visita institucional de\u00a0<strong>\u201cLa Baltasara-Casa Museo Antonio Gala\u201d<\/strong>, un nuevo espacio cultural creado en la que fuera la residencia de verano del ilustre intelectual Antonio Gala, y que ha sido adquirida por el Consistorio recientemente con el objetivo de poner en valor su legado personal y art\u00edstico.<\/p>\n<p><img loading=\"lazy\" decoding=\"async\" class=\"aligncenter size-large wp-image-212074\" src=\"https:\/\/alhaurinelgrande.es\/wp-content\/uploads\/2021\/07\/paseo-por-el-jardin-con-concejera-de-cultura-1024x683.jpeg\" alt=\"\" width=\"1024\" height=\"683\" \/><\/p>\n<p>El acto, celebrado en la explanada de entrada a la Casa Museo, ha contado adem\u00e1s con la presencia de\u00a0<strong>numerosas autoridades pol\u00edticas a nivel auton\u00f3mico y provincial<\/strong>, entre ellas la Consejera de Cultura Patricia del Pozo, el Presidente de la Diputaci\u00f3n Provincial de M\u00e1laga Francisco Salado o la Vicepresidenta Primera del Parlamento Andaluz Esperanza O\u00f1a, as\u00ed como personalidades vinculadas al proyecto como el Presidente de la Fundaci\u00f3n Antonio Gala para J\u00f3venes Creadores Francisco Moreno, junto a la Corporaci\u00f3n Municipal y representantes de los principales colectivos y asociaciones de la localidad.<\/p>\n<p><img loading=\"lazy\" decoding=\"async\" class=\"aligncenter size-large wp-image-212079\" src=\"https:\/\/alhaurinelgrande.es\/wp-content\/uploads\/2021\/07\/visita-interior-1024x683.jpeg\" alt=\"\" width=\"1024\" height=\"683\" \/><\/p>\n<p>El Presidente, junto con la Alcaldesa y el resto de autoridades\u00a0<strong>inici\u00f3 su visita institucional<\/strong>\u00a0con un recorrido por el interior de la Casa Museo donde el presidente auton\u00f3mico inaugur\u00f3 el libro de visitas para posteriormente pasear por los jardines y huertas que rodean la casa.<\/p>\n<p><img loading=\"lazy\" decoding=\"async\" class=\"aligncenter size-large wp-image-212070\" src=\"https:\/\/alhaurinelgrande.es\/wp-content\/uploads\/2021\/07\/firma-libro-de-visitas-1024x683.jpeg\" alt=\"\" width=\"1024\" height=\"683\" \/><\/p>\n<p>La Alcaldesa como recuerdo de la visita hizo entrega al Presidente de una serie de grabados con im\u00e1genes de la Baltasara obra del artista Adri\u00e1n Marmolejo.<\/p>\n<p><img loading=\"lazy\" decoding=\"async\" class=\"aligncenter size-large wp-image-212068\" src=\"https:\/\/alhaurinelgrande.es\/wp-content\/uploads\/2021\/07\/entrega-de-acuarelas-1024x683.jpeg\" alt=\"\" width=\"1024\" height=\"683\" \/><\/p>\n<p>Tras la visita, las autoridades dirigieron unas palabras al p\u00fablico asistente. La\u00a0<strong>Alcaldesa<\/strong>\u00a0destac\u00f3 que \u201cno es dif\u00edcil entender que cuando se nos brind\u00f3 la posibilidad de adquirir este espacio, vimos una gran oportunidad de abrir la Baltasara y su magia al pueblo de Alhaur\u00edn el Grande y al mundo, con el mismo esp\u00edritu universal de Antonio Gala, una inversi\u00f3n que redundar\u00e1 en beneficio de nuestro pueblo, aunque en realidad la idea de la Baltasara tendr\u00e1\u00a0<strong>proyecci\u00f3n internacional<\/strong>\u201d.<\/p>\n<p><img loading=\"lazy\" decoding=\"async\" class=\"aligncenter size-large wp-image-212066\" src=\"https:\/\/alhaurinelgrande.es\/wp-content\/uploads\/2021\/07\/discurso-2-1024x768.jpeg\" alt=\"\" width=\"1024\" height=\"768\" \/><\/p>\n<p>\u201cLa relaci\u00f3n del escritor con nuestro municipio a trav\u00e9s de la Baltasara es evidente y por eso esta relaci\u00f3n \u00edntima ha quedado plasmada en una colaboraci\u00f3n inmediata y futura entre ayuntamiento y Fundaci\u00f3n Antonio Gala para J\u00f3venes Creadores, que en estos momentos se hace m\u00e1s estrecha y necesaria que nunca; de ah\u00ed que el ayuntamiento en estos \u00faltimos meses no solo haya trabajado en acondicionar y hacer visitable esta Casa Museo, sino que trabaja en un proyecto de espacio cultural que permita acoger\u00a0<strong>encuentros, jornadas, conferencias o cert\u00e1menes<\/strong>, no solo vinculados al mundo de la literatura, sino que pueda albergar cualquier expresi\u00f3n art\u00edstica, sum\u00e1ndose a la importante apuesta cultural tanto en infraestructuras como en actividades de nuestro municipio; por ello, hoy es motivo de orgullo abrir las puertas de la Baltasara contando con la presencia de todos vosotros, lo que demuestra vuestro compromiso con la cultura y con este proyecto con un agradecimiento especial a todas las personas que lo han hecho posible\u201d, concluy\u00f3 la edil.<\/p>\n<p><img loading=\"lazy\" decoding=\"async\" class=\"aligncenter size-large wp-image-212067\" src=\"https:\/\/alhaurinelgrande.es\/wp-content\/uploads\/2021\/07\/discurso-683x1024.jpeg\" alt=\"\" width=\"683\" height=\"1024\" \/><\/p>\n<p>El\u00a0<strong>presidente de la Junta Juan Manuel Moreno<\/strong>, por su parte, expres\u00f3 su orgullo y satisfacci\u00f3n por estar de nuevo en su pueblo removi\u00e9ndole tantos sentimientos \u201cen un lugar donde el genio de Antonio Gala encontr\u00f3 esas musas para regalarnos un pu\u00f1ado de obras maestras concebidas en este lugar tan inspirador, donde cada rinc\u00f3n evoca a Antonio Gala,\u00a0<strong>d\u00e1ndonos un regalo<\/strong>, esta finca que renace hoy de nuevo convertida en un singular espacio cultural donde perpetuar la figura de este creador\u201d. \u201cAlhaur\u00edn el Grande gana un\u00a0<strong>reclamo cultural<\/strong>\u00a0que vale la pena visitar por su evidente encanto pero tambi\u00e9n por el genio que se respira en cada uno de sus rincones; por eso se abrir\u00e1 al p\u00fablico para disfrutar del universo Gala en toda su plenitud, por su atractivo que se proyectar\u00e1 al presente y sobre todo el futuro erigi\u00e9ndose en un foco cultural desde el que proponer una programaci\u00f3n como este enclave merece\u201d. As\u00ed mismo el presidente andaluz ofreci\u00f3 la posibilidad de\u00a0<strong>colaborar con el ayuntamiento<\/strong>\u00a0para dar el mayor realce posible al proyecto. El presidente cerr\u00f3 su intervenci\u00f3n con estas sentidas palabras: \u201cun d\u00eda especial, un momento especial, una persona especial como es Antonio Gala y un pueblo especial como mi pueblo, Alhaur\u00edn el Grande\u201d.<\/p>\n<p><strong>Sobre la Baltasara- Casa Museo de\u00a0 Antonio Gala.<\/strong><\/p>\n<p>La Finca La Baltasara, adquirida por el Ayuntamiento de Alhaur\u00edn el Grande en octubre de 2020 por importe de 360.000 euros, alberga la Casa Museo Antonio Gala, una t\u00edpica casa de campo del siglo XVIII perfectamente conservada de 380 m<sup>2\u00a0<\/sup>distribuidos en varias estancias con una vivienda principal de 290 m<sup>2<\/sup>\u00a0y rodeada de una frondosa finca con jardines y huertas de m\u00e1s de 30.000 m<sup>2\u00a0<\/sup>de extensi\u00f3n bordeada por el r\u00edo Fahala, situada en una zona rural a las afueras de Alhaur\u00edn el Grande. La casa conserva una muestra de todo el mobiliario, enseres, objetos personales y biblioteca que el escritor alberg\u00f3 en la que fuera su residencia de verano desde los a\u00f1os ochenta, un legado que se ha mantenido intacto tras el traslado definitivo del escritor a su residencia actual en C\u00f3rdoba.<\/p>\n<p><img loading=\"lazy\" decoding=\"async\" class=\"aligncenter size-large wp-image-212076\" src=\"https:\/\/alhaurinelgrande.es\/wp-content\/uploads\/2021\/07\/visita-alberca-1024x682.jpeg\" alt=\"\" width=\"1024\" height=\"682\" \/><\/p>\n<p>En este entorno id\u00edlico y lleno de paz y naturaleza, Gala se inspir\u00f3 para concebir algunas de sus mejores obras como \u201cS\u00e9neca o el beneficio de la duda\u201d, \u201cCarmen, Carmen\u201d, \u201cLa Truhana\u201d, el \u201cManuscrito Carmes\u00ed\u201d o \u201cLos papeles del agua\u201d as\u00ed como art\u00edculos que diariamente enviaba a diferentes medios de comunicaci\u00f3n como sus \u201cTroneras\u201d; en sus meses de vacaciones recibi\u00f3 en esta finca a importantes personalidades del mundo art\u00edstico y literario y tambi\u00e9n aqu\u00ed en un rinc\u00f3n destacado del jard\u00edn descansan los restos de sus queridos \u201cperrillos\u201d.<\/p>\n<p><img loading=\"lazy\" decoding=\"async\" class=\"aligncenter size-large wp-image-212077\" src=\"https:\/\/alhaurinelgrande.es\/wp-content\/uploads\/2021\/07\/visita-cementerio-perrilllos-1024x768.jpeg\" sizes=\"(min-width: 0px) and (max-width: 480px) 480px, (min-width: 481px) and (max-width: 980px) 980px, (min-width: 981px) 1024px, 100vw\" srcset=\"https:\/\/alhaurinelgrande.es\/wp-content\/uploads\/2021\/07\/visita-cementerio-perrilllos-980x735.jpeg 980w, https:\/\/alhaurinelgrande.es\/wp-content\/uploads\/2021\/07\/visita-cementerio-perrilllos-480x360.jpeg 480w\" alt=\"\" width=\"1024\" height=\"768\" \/><\/p>\n<p><img loading=\"lazy\" decoding=\"async\" class=\"aligncenter size-large wp-image-212078\" src=\"https:\/\/alhaurinelgrande.es\/wp-content\/uploads\/2021\/07\/visita-cementerio-perrillos-1024x683.jpeg\" alt=\"\" width=\"1024\" height=\"683\" \/><\/p>\n<p>&nbsp;<\/p>\n<p>Esta residencia de verano se ha transformado en un centro cultural multidisciplinar cuya actividad estar\u00e1 vinculada a la Fundaci\u00f3n Antonio Gala para J\u00f3venes Creadores, con la que recientemente se ha firmado un convenio marco de colaboraci\u00f3n cuyo objetivo es plasmar la estrecha relaci\u00f3n entre la figura de Antonio Gala con la Fundaci\u00f3n y con Alhaur\u00edn el Grande.<\/p>\n<p><img loading=\"lazy\" decoding=\"async\" class=\"aligncenter size-large wp-image-212072\" src=\"https:\/\/alhaurinelgrande.es\/wp-content\/uploads\/2021\/07\/interior-casa-museo-1024x683.jpeg\" alt=\"\" width=\"1024\" height=\"683\" \/><\/p>\n<p>Para la gesti\u00f3n muse\u00edstica de este espacio se han realizado diferentes adaptaciones respetando su estado original, como mejoras en materia de iluminaci\u00f3n tanto del interior de la casa como de los jardines, creaci\u00f3n de una oficina de informaci\u00f3n-recepci\u00f3n y ampliaci\u00f3n del aparcamiento. Adem\u00e1s, se est\u00e1 trabajando en una imagen corporativa propia as\u00ed como redes sociales y p\u00e1gina web para la gesti\u00f3n de las entradas al museo, que podr\u00e1 abrirse al p\u00fablico tras el verano en grupos reducidos. En esta fase inicial, el Ayuntamiento ha realizado una inversi\u00f3n de 100.000 euros.<\/p>\n<p><img loading=\"lazy\" decoding=\"async\" class=\"aligncenter size-large wp-image-212080\" src=\"https:\/\/alhaurinelgrande.es\/wp-content\/uploads\/2021\/07\/visita-jardines-1024x683.jpeg\" alt=\"\" width=\"1024\" height=\"683\" \/><\/p>\n<p>El primero de los eventos que albergar\u00e1 este nuevo espacio ser\u00e1 la entrega del premio de Poes\u00eda Antonio Gala que tendr\u00e1 lugar el pr\u00f3ximo d\u00eda 15 de julio, al que seguir\u00e1 una amplia programaci\u00f3n musical, literaria, art\u00edstica y cultural en coordinaci\u00f3n con la Fundaci\u00f3n Antonio Gala para J\u00f3venes Creadores.<\/p>\n<p>ABAJO puedes visualizar las im\u00e1genes del evento.<\/p>\n<p><a href=\"https:\/\/www.facebook.com\/AytoAlhaurin\/photos\/pcb.1949813911838483\/1949805745172633\/\">GALERIA DE IMAGENES 1<\/a><\/p>\n<p><a href=\"https:\/\/www.facebook.com\/Rtvalhaurin\/photos\/pcb.2746187909004787\/2746185162338395\/\">GALERIA DE IMAGENES 2<\/a><\/p>\n","protected":false},"excerpt":{"rendered":"<p>El Presidente de la Junta de Andaluc\u00eda,\u00a0Juan Manuel Moreno\u00a0junto con la Alcaldesa de Alhaur\u00edn el Grande\u00a0To\u00f1i Ledesma\u00a0han presidido el acto oficial de inauguraci\u00f3n y visita institucional de\u00a0\u201cLa Baltasara-Casa Museo Antonio Gala\u201d, un nuevo espacio cultural creado en la que fuera la residencia de verano del ilustre intelectual Antonio Gala, y que ha sido adquirida por [&hellip;]<\/p>\n","protected":false},"author":3,"featured_media":214840,"comment_status":"open","ping_status":"open","sticky":false,"template":"","format":"standard","meta":{"_et_pb_use_builder":"","_et_pb_old_content":"","_et_gb_content_width":"","footnotes":""},"categories":[35,13],"tags":[],"_links":{"self":[{"href":"https:\/\/alhaurinelgrande.es\/cultura\/wp-json\/wp\/v2\/posts\/214839"}],"collection":[{"href":"https:\/\/alhaurinelgrande.es\/cultura\/wp-json\/wp\/v2\/posts"}],"about":[{"href":"https:\/\/alhaurinelgrande.es\/cultura\/wp-json\/wp\/v2\/types\/post"}],"author":[{"embeddable":true,"href":"https:\/\/alhaurinelgrande.es\/cultura\/wp-json\/wp\/v2\/users\/3"}],"replies":[{"embeddable":true,"href":"https:\/\/alhaurinelgrande.es\/cultura\/wp-json\/wp\/v2\/comments?post=214839"}],"version-history":[{"count":2,"href":"https:\/\/alhaurinelgrande.es\/cultura\/wp-json\/wp\/v2\/posts\/214839\/revisions"}],"predecessor-version":[{"id":214842,"href":"https:\/\/alhaurinelgrande.es\/cultura\/wp-json\/wp\/v2\/posts\/214839\/revisions\/214842"}],"wp:featuredmedia":[{"embeddable":true,"href":"https:\/\/alhaurinelgrande.es\/cultura\/wp-json\/wp\/v2\/media\/214840"}],"wp:attachment":[{"href":"https:\/\/alhaurinelgrande.es\/cultura\/wp-json\/wp\/v2\/media?parent=214839"}],"wp:term":[{"taxonomy":"category","embeddable":true,"href":"https:\/\/alhaurinelgrande.es\/cultura\/wp-json\/wp\/v2\/categories?post=214839"},{"taxonomy":"post_tag","embeddable":true,"href":"https:\/\/alhaurinelgrande.es\/cultura\/wp-json\/wp\/v2\/tags?post=214839"}],"curies":[{"name":"wp","href":"https:\/\/api.w.org\/{rel}","templated":true}]}}