{"id":214826,"date":"2021-06-21T14:22:37","date_gmt":"2021-06-21T12:22:37","guid":{"rendered":"https:\/\/alhaurinelgrande.es\/cultura\/?p=214826"},"modified":"2021-06-23T14:24:02","modified_gmt":"2021-06-23T12:24:02","slug":"villafranco-del-guadalhorce-celebrara-julio-cultural-2021-con-actividades-para-toda-la-familia","status":"publish","type":"post","link":"https:\/\/alhaurinelgrande.es\/cultura\/villafranco-del-guadalhorce-celebrara-julio-cultural-2021-con-actividades-para-toda-la-familia\/","title":{"rendered":"VILLAFRANCO DEL GUADALHORCE CELEBRAR\u00c1 \u201cJULIO CULTURAL 2021\u201d CON ACTIVIDADES PARA TODA LA FAMILIA"},"content":{"rendered":"<p>La concejala de\u00a0<strong>Villafranco de Guadalhorce<\/strong>\u00a0Inmaculada Fern\u00e1ndez y el edil de Cultura Francisco Burgos han presentado las actividades correspondientes a\u00a0<strong>\u201cJulio Cultural 2021\u201d<\/strong>, \u201cuna programaci\u00f3n con la que, tras el par\u00f3n obligado por la pandemia, retomamos la actividad en la pedan\u00eda en el fin de semana del 2 y 3 de julio, una fecha que coincide con nuestra tradicional feria\u201d, explicaba la edil, adelantando que \u201centre estas actividades englobadas dentro del Julio cultural se incluye un espect\u00e1culo infantil el\u00a0<strong>viernes 2 de Julio<\/strong>\u00a0en la Plaza Mayor y un concierto por parte del Coro Rociero de la Virgen de la Gracia\u00a0<strong>el s\u00e1bado 3<\/strong>\u00a0en la Plaza del Comercio; ambas actividades ser\u00e1n gratuitas y con entrada libre hasta completar aforo\u201d.<\/p>\n<p><img loading=\"lazy\" decoding=\"async\" class=\"aligncenter size-large wp-image-211980\" src=\"https:\/\/alhaurinelgrande.es\/wp-content\/uploads\/2021\/06\/Presentacion-Julio-Cultural-Villafranco-2-1024x682.jpg\" alt=\"\" width=\"1024\" height=\"682\" \/><\/p>\n<p>El edil de cultura a\u00f1adi\u00f3 que \u201cen este fin de semana cultural contaremos con\u00a0<strong>atracciones infantiles<\/strong>\u00a0en Villafranco del Guadalhorce, para apoyar a un sector que ha sufrido tambi\u00e9n las consecuencias de la pandemia como son los feriantes; tanto en las atracciones como en el resto de actividades se cumplir\u00e1 con las medidas higi\u00e9nico sanitarias, con la desinfecci\u00f3n en las atracciones y mantenimiento de las distancias de seguridad, creando as\u00ed una programaci\u00f3n segura para todos nuestros vecinos y vecinas\u201d.<\/p>\n<p><img loading=\"lazy\" decoding=\"async\" class=\"aligncenter size-large wp-image-211979\" src=\"https:\/\/alhaurinelgrande.es\/wp-content\/uploads\/2021\/06\/Cartel-Julio-cultural-717x1024.jpeg\" alt=\"\" width=\"717\" height=\"1024\" \/><\/p>\n<p>Finalmente los representantes municipales han animado a los vecinos de la pedan\u00eda alhaurina y visitantes a participar en estas actividades y a disfrutar de este \u201cJulio Cultural 2021\u201d siempre desde la responsabilidad.<\/p>\n","protected":false},"excerpt":{"rendered":"<p>La concejala de\u00a0Villafranco de Guadalhorce\u00a0Inmaculada Fern\u00e1ndez y el edil de Cultura Francisco Burgos han presentado las actividades correspondientes a\u00a0\u201cJulio Cultural 2021\u201d, \u201cuna programaci\u00f3n con la que, tras el par\u00f3n obligado por la pandemia, retomamos la actividad en la pedan\u00eda en el fin de semana del 2 y 3 de julio, una fecha que coincide con [&hellip;]<\/p>\n","protected":false},"author":3,"featured_media":214827,"comment_status":"open","ping_status":"open","sticky":false,"template":"","format":"standard","meta":{"_et_pb_use_builder":"","_et_pb_old_content":"","_et_gb_content_width":"","footnotes":""},"categories":[13,22],"tags":[],"_links":{"self":[{"href":"https:\/\/alhaurinelgrande.es\/cultura\/wp-json\/wp\/v2\/posts\/214826"}],"collection":[{"href":"https:\/\/alhaurinelgrande.es\/cultura\/wp-json\/wp\/v2\/posts"}],"about":[{"href":"https:\/\/alhaurinelgrande.es\/cultura\/wp-json\/wp\/v2\/types\/post"}],"author":[{"embeddable":true,"href":"https:\/\/alhaurinelgrande.es\/cultura\/wp-json\/wp\/v2\/users\/3"}],"replies":[{"embeddable":true,"href":"https:\/\/alhaurinelgrande.es\/cultura\/wp-json\/wp\/v2\/comments?post=214826"}],"version-history":[{"count":1,"href":"https:\/\/alhaurinelgrande.es\/cultura\/wp-json\/wp\/v2\/posts\/214826\/revisions"}],"predecessor-version":[{"id":214828,"href":"https:\/\/alhaurinelgrande.es\/cultura\/wp-json\/wp\/v2\/posts\/214826\/revisions\/214828"}],"wp:featuredmedia":[{"embeddable":true,"href":"https:\/\/alhaurinelgrande.es\/cultura\/wp-json\/wp\/v2\/media\/214827"}],"wp:attachment":[{"href":"https:\/\/alhaurinelgrande.es\/cultura\/wp-json\/wp\/v2\/media?parent=214826"}],"wp:term":[{"taxonomy":"category","embeddable":true,"href":"https:\/\/alhaurinelgrande.es\/cultura\/wp-json\/wp\/v2\/categories?post=214826"},{"taxonomy":"post_tag","embeddable":true,"href":"https:\/\/alhaurinelgrande.es\/cultura\/wp-json\/wp\/v2\/tags?post=214826"}],"curies":[{"name":"wp","href":"https:\/\/api.w.org\/{rel}","templated":true}]}}