{"id":214425,"date":"2020-05-22T13:44:01","date_gmt":"2020-05-22T11:44:01","guid":{"rendered":"https:\/\/alhaurinelgrande.es\/cultura\/?p=214425"},"modified":"2020-06-01T13:45:54","modified_gmt":"2020-06-01T11:45:54","slug":"concurso-de-dibujo-infantil-la-feria-desde-la-mirada-de-un-nino-a","status":"publish","type":"post","link":"https:\/\/alhaurinelgrande.es\/cultura\/concurso-de-dibujo-infantil-la-feria-desde-la-mirada-de-un-nino-a\/","title":{"rendered":"CONCURSO DE DIBUJO INFANTIL &#8220;LA FERIA DESDE LA MIRADA DE UN NI\u00d1O\/A&#8221;"},"content":{"rendered":"<p>El \u00c1rea de Fiestas del Ayuntamiento de Alhaur\u00edn el Grande, convoca el Concurso de dibujo \u201cLa Feria desde la Mirada de un ni\u00f1o\/ni\u00f1a\u201d, dirigido al p\u00fablico infantil dentro de la programaci\u00f3n \u201cEnferiados en Casa\u201d, con la finalidad de hacer m\u00e1s amena la situaci\u00f3n provocada por el Covid19.<\/p>\n<p>Este concurso est\u00e1 enfocado a cualquier ni\u00f1o\/ni\u00f1a de la localidad, con autorizaci\u00f3n de sus padres, siendo \u00e9stos quienes env\u00eden el dibujo con su tel\u00e9fono por WhatsApp al 637450894.<\/p>\n<p>Dibujos tendr\u00e1n como tem\u00e1tica nuestra Feria, de c\u00f3mo vive cada ni\u00f1o\/ni\u00f1a la Feria ( trajes, atracciones, bailes, m\u00fasica, cabalgata, fuegos artificiales \u2026).<\/p>\n<p>Se establecer\u00e1n 3 categor\u00edas:<br \/>\nCategor\u00eda: de 3 a 5 a\u00f1os.<br \/>\nCategor\u00eda: de 6 a 8 a\u00f1os.<br \/>\nCategor\u00eda: de 9 a 12 a\u00f1os.<\/p>\n<p>Consulta las Bases del concurso para m\u00e1s informaci\u00f3n. \u00a0<a href=\"https:\/\/alhaurinelgrande.es\/cultura\/wp-content\/uploads\/2020\/05\/Bases-Concurso-Dibujo.pdf\">[Bases Concurso Dibujo]<\/a><\/p>\n<p>&nbsp;<\/p>\n","protected":false},"excerpt":{"rendered":"<p>El \u00c1rea de Fiestas del Ayuntamiento de Alhaur\u00edn el Grande, convoca el Concurso de dibujo \u201cLa Feria desde la Mirada de un ni\u00f1o\/ni\u00f1a\u201d, dirigido al p\u00fablico infantil dentro de la programaci\u00f3n \u201cEnferiados en Casa\u201d, con la finalidad de hacer m\u00e1s amena la situaci\u00f3n provocada por el Covid19. Este concurso est\u00e1 enfocado a cualquier ni\u00f1o\/ni\u00f1a de [&hellip;]<\/p>\n","protected":false},"author":3,"featured_media":214427,"comment_status":"open","ping_status":"open","sticky":false,"template":"","format":"standard","meta":{"_et_pb_use_builder":"","_et_pb_old_content":"","_et_gb_content_width":"","footnotes":""},"categories":[13,32,42],"tags":[],"_links":{"self":[{"href":"https:\/\/alhaurinelgrande.es\/cultura\/wp-json\/wp\/v2\/posts\/214425"}],"collection":[{"href":"https:\/\/alhaurinelgrande.es\/cultura\/wp-json\/wp\/v2\/posts"}],"about":[{"href":"https:\/\/alhaurinelgrande.es\/cultura\/wp-json\/wp\/v2\/types\/post"}],"author":[{"embeddable":true,"href":"https:\/\/alhaurinelgrande.es\/cultura\/wp-json\/wp\/v2\/users\/3"}],"replies":[{"embeddable":true,"href":"https:\/\/alhaurinelgrande.es\/cultura\/wp-json\/wp\/v2\/comments?post=214425"}],"version-history":[{"count":1,"href":"https:\/\/alhaurinelgrande.es\/cultura\/wp-json\/wp\/v2\/posts\/214425\/revisions"}],"predecessor-version":[{"id":214428,"href":"https:\/\/alhaurinelgrande.es\/cultura\/wp-json\/wp\/v2\/posts\/214425\/revisions\/214428"}],"wp:featuredmedia":[{"embeddable":true,"href":"https:\/\/alhaurinelgrande.es\/cultura\/wp-json\/wp\/v2\/media\/214427"}],"wp:attachment":[{"href":"https:\/\/alhaurinelgrande.es\/cultura\/wp-json\/wp\/v2\/media?parent=214425"}],"wp:term":[{"taxonomy":"category","embeddable":true,"href":"https:\/\/alhaurinelgrande.es\/cultura\/wp-json\/wp\/v2\/categories?post=214425"},{"taxonomy":"post_tag","embeddable":true,"href":"https:\/\/alhaurinelgrande.es\/cultura\/wp-json\/wp\/v2\/tags?post=214425"}],"curies":[{"name":"wp","href":"https:\/\/api.w.org\/{rel}","templated":true}]}}