{"id":213880,"date":"2019-07-15T09:41:31","date_gmt":"2019-07-15T07:41:31","guid":{"rendered":"https:\/\/alhaurinelgrande.es\/cultura\/?p=213880"},"modified":"2019-07-15T09:52:30","modified_gmt":"2019-07-15T07:52:30","slug":"gran-exito-de-participacion-en-la-feria-de-villafranco-de-guadalhorce","status":"publish","type":"post","link":"https:\/\/alhaurinelgrande.es\/cultura\/gran-exito-de-participacion-en-la-feria-de-villafranco-de-guadalhorce\/","title":{"rendered":"Gran \u00e9xito de participaci\u00f3n en la Feria de Villafranco de Guadalhorce"},"content":{"rendered":"<p><img loading=\"lazy\" decoding=\"async\" class=\" wp-image-213883 aligncenter\" src=\"https:\/\/alhaurinelgrande.es\/cultura\/wp-content\/uploads\/2019\/07\/REINA-Y-M\u00cdSTER-INFANTIL-300x197.jpg\" alt=\"\" width=\"404\" height=\"265\" srcset=\"https:\/\/alhaurinelgrande.es\/cultura\/wp-content\/uploads\/2019\/07\/REINA-Y-M\u00cdSTER-INFANTIL-300x197.jpg 300w, https:\/\/alhaurinelgrande.es\/cultura\/wp-content\/uploads\/2019\/07\/REINA-Y-M\u00cdSTER-INFANTIL-768x503.jpg 768w, https:\/\/alhaurinelgrande.es\/cultura\/wp-content\/uploads\/2019\/07\/REINA-Y-M\u00cdSTER-INFANTIL.jpg 891w\" sizes=\"(max-width: 404px) 100vw, 404px\" \/><\/p>\n<p>Ya ha finalizado la<strong>\u00a0Feria de Villafranco del Guadalhorce,<\/strong>\u00a0dejando un fin de semana cargado de buenos momentos y actividades para todos. El viernes comenzaba la Feria con el <strong>almuerzo de mayores<\/strong> a mediod\u00eda, con el mejor ambiente y una gran participaci\u00f3n, que desde el Ayuntamiento valoraban con satisfacci\u00f3n, por la organizaci\u00f3n y el desarrollo de esta actividad.<\/p>\n<p><img loading=\"lazy\" decoding=\"async\" class=\"alignnone size-medium wp-image-213884\" src=\"https:\/\/alhaurinelgrande.es\/cultura\/wp-content\/uploads\/2019\/07\/ALMUERZO-DE-MAYORES-768x512-300x200.jpg\" alt=\"\" width=\"300\" height=\"200\" srcset=\"https:\/\/alhaurinelgrande.es\/cultura\/wp-content\/uploads\/2019\/07\/ALMUERZO-DE-MAYORES-768x512-300x200.jpg 300w, https:\/\/alhaurinelgrande.es\/cultura\/wp-content\/uploads\/2019\/07\/ALMUERZO-DE-MAYORES-768x512.jpg 768w\" sizes=\"(max-width: 300px) 100vw, 300px\" \/><\/p>\n<p>Tradicional almuerzo para los mayores.<\/p>\n<p>En este sentido, el primer teniente alcalde, V\u00edctor Romero aseguraba que, \u201carrancamos esta Feria con mucha participaci\u00f3n por parte de los vecinos, que no se han querido perder este almuerzo, con el que damos el pistoletazo de salida a todo el programa de actividades, que se han preparado desde las concejal\u00edas de Villafranco, y Cultura y Fiestas para estos 3 d\u00edas intensos\u201d.<\/p>\n<p>Por la tarde, las actividades comenzaron con la\u00a0<strong>cabalgata\u00a0de gigantes y cabezudos<\/strong> por las calles de Villafranco hasta llegar a la Plaza Mayor. All\u00ed tanto padres como peque\u00f1os pudieron participar en el espect\u00e1culo infantil preparado para la ocasi\u00f3n.<\/p>\n<p><img loading=\"lazy\" decoding=\"async\" class=\"alignnone wp-image-213885\" src=\"https:\/\/alhaurinelgrande.es\/cultura\/wp-content\/uploads\/2019\/07\/CABALGATA-GIGANTES-Y-CABEZUDOS-768x512-300x200.jpg\" alt=\"\" width=\"347\" height=\"231\" srcset=\"https:\/\/alhaurinelgrande.es\/cultura\/wp-content\/uploads\/2019\/07\/CABALGATA-GIGANTES-Y-CABEZUDOS-768x512-300x200.jpg 300w, https:\/\/alhaurinelgrande.es\/cultura\/wp-content\/uploads\/2019\/07\/CABALGATA-GIGANTES-Y-CABEZUDOS-768x512.jpg 768w\" sizes=\"(max-width: 347px) 100vw, 347px\" \/><\/p>\n<p>Ni\u00f1os y ni\u00f1as en la cabalgata de Gigantes y Cabezudos.<\/p>\n<p>Y es que todos se lo pasan en grande en estos d\u00edas y la noche del viernes fue un ejemplo. Hubo un gran ambiente en el que no faltaron las actuaciones como las de la academia de baile de\u00a0<strong>Marina Carballo<\/strong>\u00a0y la <strong>Orquesta Frenes\u00ed<\/strong>. Siendo uno de los momentos m\u00e1s intensos y de expectaci\u00f3n, la elecci\u00f3n del\u00a0<strong>M\u00edster<\/strong>\u00a0infantil de la feria y de la\u00a0<strong>Reina<\/strong>\u00a0infantil y su corte de honor, as\u00ed como la <strong>elecci\u00f3n de la Reina y damas de la Feria<\/strong>.<\/p>\n<p><img loading=\"lazy\" decoding=\"async\" class=\"alignnone size-medium wp-image-213886\" src=\"https:\/\/alhaurinelgrande.es\/cultura\/wp-content\/uploads\/2019\/07\/REINA-Y-DAMAS-DE-LA-FERIA-2019-768x513-300x200.jpg\" alt=\"\" width=\"300\" height=\"200\" srcset=\"https:\/\/alhaurinelgrande.es\/cultura\/wp-content\/uploads\/2019\/07\/REINA-Y-DAMAS-DE-LA-FERIA-2019-768x513-300x200.jpg 300w, https:\/\/alhaurinelgrande.es\/cultura\/wp-content\/uploads\/2019\/07\/REINA-Y-DAMAS-DE-LA-FERIA-2019-768x513.jpg 768w\" sizes=\"(max-width: 300px) 100vw, 300px\" \/><\/p>\n<p>Reina y damas de la Feria.<\/p>\n<p><img loading=\"lazy\" decoding=\"async\" class=\"alignnone size-medium wp-image-213887\" src=\"https:\/\/alhaurinelgrande.es\/cultura\/wp-content\/uploads\/2019\/07\/REINA-Y-M\u00cdSTER-INFANTIL-768x503-1-300x196.jpg\" alt=\"\" width=\"300\" height=\"196\" srcset=\"https:\/\/alhaurinelgrande.es\/cultura\/wp-content\/uploads\/2019\/07\/REINA-Y-M\u00cdSTER-INFANTIL-768x503-1-300x196.jpg 300w, https:\/\/alhaurinelgrande.es\/cultura\/wp-content\/uploads\/2019\/07\/REINA-Y-M\u00cdSTER-INFANTIL-768x503-1.jpg 768w\" sizes=\"(max-width: 300px) 100vw, 300px\" \/><\/p>\n<p>Elecci\u00f3n de la Reina y M\u00edster Infantil.<\/p>\n<p>El s\u00e1bado continuaba la intensa actividad en Villafranco. Desde por la ma\u00f1ana comenzaban las actividades deportivas con la\u00a0<strong>prueba ciclista<\/strong>. Al final, tuvieron una merecida recompensa con la entrega de trofeos a los tres primeros clasificados de cada categor\u00eda. Se trataba de la \u00faltima prueba deportiva de esta feria, despu\u00e9s de que el jueves anterior se celebraran los\u00a0<strong>partidos de f\u00fatbol<\/strong>\u00a0de las categor\u00edas alev\u00edn, benjam\u00edn, prebenjam\u00edn y pelusas que enfrentaron a los equipos de Villafranco y Alhaur\u00edn el Grande.<\/p>\n<p>Ya a media ma\u00f1ana, los ni\u00f1os comenzaron con las actividades infantiles \u201c<strong>La Plaza es Nuestra<\/strong>\u201d, en la Plaza Mayor. Igualmente, y como siempre se volvi\u00f3 a vivir un gran ambiente con la tradicional\u00a0\u201c<strong>sardinada\u201d<\/strong>, punto de encuentro de las familias durante la Feria, gentileza un a\u00f1o m\u00e1s del Ayuntamiento de Alhaur\u00edn el Grande<em>.<\/em><\/p>\n<p><img loading=\"lazy\" decoding=\"async\" class=\"alignnone wp-image-213888\" src=\"https:\/\/alhaurinelgrande.es\/cultura\/wp-content\/uploads\/2019\/07\/ACTIVIDADES-INFANTILES-768x512-300x200.jpg\" alt=\"\" width=\"368\" height=\"245\" srcset=\"https:\/\/alhaurinelgrande.es\/cultura\/wp-content\/uploads\/2019\/07\/ACTIVIDADES-INFANTILES-768x512-300x200.jpg 300w, https:\/\/alhaurinelgrande.es\/cultura\/wp-content\/uploads\/2019\/07\/ACTIVIDADES-INFANTILES-768x512.jpg 768w\" sizes=\"(max-width: 368px) 100vw, 368px\" \/><\/p>\n<p>Actividades Infantiles.<\/p>\n<p>\u00abSardinada\u00bb.<\/p>\n<p>El s\u00e1bado de feria tambi\u00e9n se celebr\u00f3 el\u00a0<strong>concurso de productos de la huerta,<\/strong> con frutas y verduras producidas por los agricultores de la zona en huertas de la Comarca del Guadalhorce.\u00a0 Seguidamente tuvieron lugar la actuaci\u00f3n de la Orquesta \u201cA-Comp\u00e1s\u201d y la fiesta de la espuma en calle Las Flores. Ya por la noche continuaba la feria en Villafranco, con el epicentro en la verbena de la Plaza Mayor, donde tuvo lugar la <strong>actuaci\u00f3n del grupo \u201cAlejados\u201d<\/strong>. El buen ambiente familiar en las\u00a0<strong>atracciones<\/strong>\u00a0contin\u00fao hasta altas horas de la noche con m\u00fasica para j\u00f3venes y adultos.<\/p>\n<p><img loading=\"lazy\" decoding=\"async\" class=\"alignnone size-medium wp-image-213889\" src=\"https:\/\/alhaurinelgrande.es\/cultura\/wp-content\/uploads\/2019\/07\/FIESTA-DE-LA-ESPUMA-768x512-300x200.jpg\" alt=\"\" width=\"300\" height=\"200\" srcset=\"https:\/\/alhaurinelgrande.es\/cultura\/wp-content\/uploads\/2019\/07\/FIESTA-DE-LA-ESPUMA-768x512-300x200.jpg 300w, https:\/\/alhaurinelgrande.es\/cultura\/wp-content\/uploads\/2019\/07\/FIESTA-DE-LA-ESPUMA-768x512.jpg 768w\" sizes=\"(max-width: 300px) 100vw, 300px\" \/><\/p>\n<p>Fiesta de la espuma.<\/p>\n<p>Y con la jornada del domingo finalizaba la Feria de Villafranco del Guadalhorce. Un d\u00eda intenso que comenz\u00f3 por la ma\u00f1ana con el desayuno de\u00a0<strong>churros<\/strong>\u00a0con chocolate, y continu\u00f3 con la misa en la iglesia de Villafranco del Guadalhorce en honor a la patrona, cantada por el coro rociero Mar\u00eda Auxiliadora.<\/p>\n<p>Seguidamente, llegaba uno de los momentos m\u00e1s refrescantes de la Feria, gracias a un tobog\u00e1n acu\u00e1tico, que hizo las delicias de peque\u00f1os y mayores. \u00a0El d\u00eda se desarroll\u00f3 con \u00e9xito, y al llegar la noche tuvieron lugar las \u00faltimas actuaciones. Primeramente, bailaron las alumnas de la academia de baile de Pepa Manzanares. Y aquellos que se quedaron hasta el final tambi\u00e9n pudieron deleitarse con el concierto del grupo \u2018Los del Lug\u00e1\u2019, que pusieron fin a las actuaciones flamencas.<\/p>\n<p>Por \u00faltimo, los fuegos artificiales pusieron el broche de oro a esta Feria, que ha sido muy bien recibida por los vecinos de Villafranco del Guadalhorce, que han disfrutado plenamente de cada evento. En este sentido, desde el Ayuntamiento, la concejala de Villafranco, Inmaculada Fern\u00e1ndez realiz\u00f3 un balance muy positivo manifestando que, \u201cla intenci\u00f3n era que participaran y se divirtieran el mayor n\u00famero de personas posible, y as\u00ed ha sido, una feria muy bien recibida por parte de los vecinos, que han acudido a todas las actividades que se han realizado durante estos tres d\u00edas, con un ambiente inmejorable\u201d.<\/p>\n<p>&nbsp;<\/p>\n<p>&nbsp;<\/p>\n","protected":false},"excerpt":{"rendered":"<p>Ya ha finalizado la\u00a0Feria de Villafranco del Guadalhorce,\u00a0dejando un fin de semana cargado de buenos momentos y actividades para todos. El viernes comenzaba la Feria con el almuerzo de mayores a mediod\u00eda, con el mejor ambiente y una gran participaci\u00f3n, que desde el Ayuntamiento valoraban con satisfacci\u00f3n, por la organizaci\u00f3n y el desarrollo de esta [&hellip;]<\/p>\n","protected":false},"author":7,"featured_media":213887,"comment_status":"open","ping_status":"open","sticky":false,"template":"","format":"standard","meta":{"_et_pb_use_builder":"","_et_pb_old_content":"","_et_gb_content_width":"","footnotes":""},"categories":[22,32,42],"tags":[],"_links":{"self":[{"href":"https:\/\/alhaurinelgrande.es\/cultura\/wp-json\/wp\/v2\/posts\/213880"}],"collection":[{"href":"https:\/\/alhaurinelgrande.es\/cultura\/wp-json\/wp\/v2\/posts"}],"about":[{"href":"https:\/\/alhaurinelgrande.es\/cultura\/wp-json\/wp\/v2\/types\/post"}],"author":[{"embeddable":true,"href":"https:\/\/alhaurinelgrande.es\/cultura\/wp-json\/wp\/v2\/users\/7"}],"replies":[{"embeddable":true,"href":"https:\/\/alhaurinelgrande.es\/cultura\/wp-json\/wp\/v2\/comments?post=213880"}],"version-history":[{"count":1,"href":"https:\/\/alhaurinelgrande.es\/cultura\/wp-json\/wp\/v2\/posts\/213880\/revisions"}],"predecessor-version":[{"id":213890,"href":"https:\/\/alhaurinelgrande.es\/cultura\/wp-json\/wp\/v2\/posts\/213880\/revisions\/213890"}],"wp:featuredmedia":[{"embeddable":true,"href":"https:\/\/alhaurinelgrande.es\/cultura\/wp-json\/wp\/v2\/media\/213887"}],"wp:attachment":[{"href":"https:\/\/alhaurinelgrande.es\/cultura\/wp-json\/wp\/v2\/media?parent=213880"}],"wp:term":[{"taxonomy":"category","embeddable":true,"href":"https:\/\/alhaurinelgrande.es\/cultura\/wp-json\/wp\/v2\/categories?post=213880"},{"taxonomy":"post_tag","embeddable":true,"href":"https:\/\/alhaurinelgrande.es\/cultura\/wp-json\/wp\/v2\/tags?post=213880"}],"curies":[{"name":"wp","href":"https:\/\/api.w.org\/{rel}","templated":true}]}}