{"id":213849,"date":"2019-05-12T17:30:17","date_gmt":"2019-05-12T15:30:17","guid":{"rendered":"https:\/\/alhaurinelgrande.es\/cultura\/?p=213849"},"modified":"2019-05-17T07:34:16","modified_gmt":"2019-05-17T05:34:16","slug":"exitosa-jornada-festiva-en-alhaurin-el-grande-con-motivo-de-la-fiesta-de-la-cachorrena-en-honor-a-san-isidro-labrador","status":"publish","type":"post","link":"https:\/\/alhaurinelgrande.es\/cultura\/exitosa-jornada-festiva-en-alhaurin-el-grande-con-motivo-de-la-fiesta-de-la-cachorrena-en-honor-a-san-isidro-labrador\/","title":{"rendered":"EXITOSA JORNADA FESTIVA EN ALHAUR\u00cdN EL GRANDE CON MOTIVO DE LA FIESTA DE LA CACHORRE\u00d1A EN HONOR A SAN ISIDRO LABRADOR"},"content":{"rendered":"\r\n<h1 class=\"wp-block-heading\">\u00a0<\/h1>\r\n\r\n\r\n\r\n<figure class=\"wp-block-image\"><img decoding=\"async\" src=\"https:\/\/alhaurinelgrande.es\/wp-content\/uploads\/2019\/05\/XIV-Encuentro-de-Encaje-de-Bolillos.jpg\" alt=\"Exitosa jornada festiva en Alhaur\u00edn el Grande con motivo de la fiesta de la Cachorre\u00f1a en honor a San Isidro Labrador\" \/><\/figure>\r\n\r\n\r\n\r\n<p>La barriada de San Isidro de Alhaur\u00edn el Grande acogi\u00f3 ayer la tradicional y multitudinaria Fiesta de la Cachorre\u00f1a en honor a San Isidro Labrador, que organiza el Ayuntamiento de Alhaur\u00edn el Grande, y que en esta edici\u00f3n fue inaugurada por la nueva corporaci\u00f3n municipal: la nueva alcaldesa, Teresa S\u00e1nchez, junto con los concejales del nuevo equipo de gobierno.<\/p>\r\n\r\n\r\n\r\n<p>Esta fiesta, declarada de singularidad tur\u00edstica en la provincia de M\u00e1laga, comenz\u00f3 con la ofrenda floral y la misa en honor a San Isidro, cantada por el coro rociero de la Hermandad Nuestra Se\u00f1ora de Gracia.<\/p>\r\n\r\n\r\n\r\n<p>Igualmente, coincidiendo con esta celebraci\u00f3n, y como tambi\u00e9n es tradici\u00f3n, simult\u00e1neamente se celebr\u00f3 el XIV Encuentro de Bolillos \u201cVilla de Alhaur\u00edn el Grande\u201d, que reuni\u00f3 a 400 bolilleras y continu\u00f3 con el mercadillo de productos gastron\u00f3micos, y que cont\u00f3 tambi\u00e9n con numerosos puestos de artesan\u00eda, material para el arte del encaje de bolillos, juguetes hechos a mano y productos alimenticios de toda la provincial.<\/p>\r\n\r\n\r\n\r\n<figure class=\"wp-block-image\"><img decoding=\"async\" class=\"wp-image-207536\" src=\"https:\/\/alhaurinelgrande.es\/wp-content\/uploads\/2019\/05\/Visita-al-mercadillo.jpg\" alt=\"\" \/><\/figure>\r\n\r\n\r\n\r\n<p>Visita de la nueva alcaldesa, Teresa S\u00e1nchez a los puestos del mercadillo.<\/p>\r\n\r\n\r\n\r\n<p>Otros puntos fuertes de esta jornada fueron la Muestra de Cocina Internacional, que cont\u00f3 con la participaci\u00f3n de extranjeros de diferentes pa\u00edses, residentes en Alhaur\u00edn el Grande, que dieron a conocer numerosos platos t\u00edpicos de sus pa\u00edses, y la exhibici\u00f3n de coches del Autom\u00f3vil Club de Cl\u00e1sicos de Torremolinos, que volvi\u00f3 a atraer todas las miradas.<\/p>\r\n\r\n\r\n\r\n<div class=\"wp-block-image\">\r\n<figure class=\"aligncenter\"><img decoding=\"async\" class=\"wp-image-207533\" src=\"https:\/\/alhaurinelgrande.es\/wp-content\/uploads\/2019\/05\/Exhibici%C3%B3n-de-coches-cl%C3%A1sicos.jpg\" alt=\"\" \/><\/figure>\r\n<\/div>\r\n\r\n\r\n\r\n<p>Por su parte, los agricultores tuvieron su punto de encuentro con la entrega de premios del concurso de productos de la huerta, hubo un \u2018showcooking\u2019 y como plato fuerte, la degustaci\u00f3n de las t\u00edpicas cachorre\u00f1as y mojete alhaurino. Un momento que cont\u00f3 adem\u00e1s con el chef Samuel Perea, que mostr\u00f3 una manera diferente de hacer la sopa cachorre\u00f1a, y que elabor\u00f3 una mermelada de naranja agria.<\/p>\r\n\r\n\r\n\r\n<figure class=\"wp-block-image\"><img decoding=\"async\" class=\"wp-image-207534\" src=\"https:\/\/alhaurinelgrande.es\/wp-content\/uploads\/2019\/05\/Degustaci%C3%B3n-de-las-cachorre%C3%B1as-y-mojete-alhaurino.jpg\" alt=\"\" \/><\/figure>\r\n\r\n\r\n\r\n<p>Degustaci\u00f3n de las cachorre\u00f1as y mojete alhaurino.<\/p>\r\n\r\n\r\n\r\n<p>En definitiva, una fiesta abierta a toda la familia, en la que se llevaron a cabo numerosas actividades infantiles, y que estuvo amenizada por la Orquesta \u201cA Comp\u00e1s\u201d, que se encarg\u00f3 de poner el punto musical a la jornada.<\/p>\r\n\r\n\r\n\r\n<figure class=\"wp-block-image\"><img decoding=\"async\" class=\"wp-image-207535\" src=\"https:\/\/alhaurinelgrande.es\/wp-content\/uploads\/2019\/05\/Vista-general-de-la-carpa.jpg\" alt=\"\" \/><\/figure>\r\n\r\n\r\n\r\n<p>Actuaci\u00f3n de la orquesta \u00abA Comp\u00e1s\u00bb.<\/p>\r\n\r\n\r\n\r\n<p>La alcaldesa del Ayuntamiento de Alhaur\u00edn el Grande, Teresa S\u00e1nchez ha realizado una valoraci\u00f3n muy positiva de esta fiesta, asegurando que \u201cha acudido mucha gente a todas las actividades, y todo se ha desarrollado con total normalidad; los distintos puestos est\u00e1n teniendo buenas ventas, y la gente en general muy contenta y participativa, disfrutando de cada una de las actividades\u201d. Finalizaba la primera edil su intervenci\u00f3n, poniendo de relieve la apuesta del Ayuntamiento por el turismo y la gastronom\u00eda, manifestando que \u201cAlhaur\u00edn el Grande es una zona de mucho cultivo, de mucha cultura del agua y de la huerta, y as\u00ed se demuestra en esta fiesta en honor a su patr\u00f3n\u201d.<\/p>\r\n\r\n\r\n\r\n<figure class=\"wp-block-image\"><img decoding=\"async\" class=\"wp-image-207537\" src=\"https:\/\/alhaurinelgrande.es\/wp-content\/uploads\/2019\/05\/Concurso-de-productos-de-la-huerta.jpg\" alt=\"\" \/><\/figure>\r\n\r\n\r\n\r\n<p>Productos de la huerta alhaurina.<\/p>\r\n","protected":false},"excerpt":{"rendered":"<p>\u00a0 La barriada de San Isidro de Alhaur\u00edn el Grande acogi\u00f3 ayer la tradicional y multitudinaria Fiesta de la Cachorre\u00f1a en honor a San Isidro Labrador, que organiza el Ayuntamiento de Alhaur\u00edn el Grande, y que en esta edici\u00f3n fue inaugurada por la nueva corporaci\u00f3n municipal: la nueva alcaldesa, Teresa S\u00e1nchez, junto con los concejales [&hellip;]<\/p>\n","protected":false},"author":3,"featured_media":213850,"comment_status":"open","ping_status":"open","sticky":false,"template":"","format":"standard","meta":{"_et_pb_use_builder":"off","_et_pb_old_content":"","_et_gb_content_width":"","footnotes":""},"categories":[13,32],"tags":[],"_links":{"self":[{"href":"https:\/\/alhaurinelgrande.es\/cultura\/wp-json\/wp\/v2\/posts\/213849"}],"collection":[{"href":"https:\/\/alhaurinelgrande.es\/cultura\/wp-json\/wp\/v2\/posts"}],"about":[{"href":"https:\/\/alhaurinelgrande.es\/cultura\/wp-json\/wp\/v2\/types\/post"}],"author":[{"embeddable":true,"href":"https:\/\/alhaurinelgrande.es\/cultura\/wp-json\/wp\/v2\/users\/3"}],"replies":[{"embeddable":true,"href":"https:\/\/alhaurinelgrande.es\/cultura\/wp-json\/wp\/v2\/comments?post=213849"}],"version-history":[{"count":3,"href":"https:\/\/alhaurinelgrande.es\/cultura\/wp-json\/wp\/v2\/posts\/213849\/revisions"}],"predecessor-version":[{"id":213854,"href":"https:\/\/alhaurinelgrande.es\/cultura\/wp-json\/wp\/v2\/posts\/213849\/revisions\/213854"}],"wp:featuredmedia":[{"embeddable":true,"href":"https:\/\/alhaurinelgrande.es\/cultura\/wp-json\/wp\/v2\/media\/213850"}],"wp:attachment":[{"href":"https:\/\/alhaurinelgrande.es\/cultura\/wp-json\/wp\/v2\/media?parent=213849"}],"wp:term":[{"taxonomy":"category","embeddable":true,"href":"https:\/\/alhaurinelgrande.es\/cultura\/wp-json\/wp\/v2\/categories?post=213849"},{"taxonomy":"post_tag","embeddable":true,"href":"https:\/\/alhaurinelgrande.es\/cultura\/wp-json\/wp\/v2\/tags?post=213849"}],"curies":[{"name":"wp","href":"https:\/\/api.w.org\/{rel}","templated":true}]}}