{"id":213840,"date":"2019-04-24T13:31:19","date_gmt":"2019-04-24T11:31:19","guid":{"rendered":"https:\/\/alhaurinelgrande.es\/cultura\/?p=213840"},"modified":"2019-05-08T11:38:16","modified_gmt":"2019-05-08T09:38:16","slug":"alhaurin-el-grande-celebra-el-dia-del-libro-con-su-tradicional-maraton-de-lectura-que-este-ano-cumple-su-xviii-edicion","status":"publish","type":"post","link":"https:\/\/alhaurinelgrande.es\/cultura\/alhaurin-el-grande-celebra-el-dia-del-libro-con-su-tradicional-maraton-de-lectura-que-este-ano-cumple-su-xviii-edicion\/","title":{"rendered":"ALHAUR\u00cdN EL GRANDE CELEBRA EL D\u00cdA DEL LIBRO CON SU TRADICIONAL MARAT\u00d3N DE LECTURA, QUE ESTE A\u00d1O CUMPLE SU XVIII EDICI\u00d3N"},"content":{"rendered":"\n<h1 class=\"wp-block-heading\"><\/h1>\n\n\n\n<p>24 Abr, 2019&nbsp;|&nbsp;<a href=\"https:\/\/alhaurinelgrande.es\/noticias-cultura\/\">Cultura<\/a><\/p>\n\n\n\n<figure class=\"wp-block-image\"><img decoding=\"async\" src=\"https:\/\/alhaurinelgrande.es\/wp-content\/uploads\/2019\/04\/IMG_4241-1080x675.jpg\" alt=\"Alhaur\u00edn el Grande celebra el D\u00eda del Libro con su tradicional Marat\u00f3n de Lectura, que este a\u00f1o cumple su XVIII edici\u00f3n\"\/><\/figure>\n\n\n\n<p>La Biblioteca Municipal de Alhaur\u00edn el Grande ha sido el escenario, un a\u00f1o m\u00e1s, de los actos conmemorativos del D\u00eda Internacional de Libro. El sal\u00f3n de actos ha acogido a alumnos de centros escolares de la localidad, as\u00ed como a miembros de asociaciones y colectivos, que no han dudado en participar en este evento cultural.<\/p>\n\n\n\n<p>Esta es una actividad que lleva mucho tiempo celebr\u00e1ndose en Alhaur\u00edn el Grande, as\u00ed lo comentaba la alcaldesa, Antonia Ledesma, que daba inicio al acto, manifestando que, \u201cos animo a leer, a viajar en el tiempo, a so\u00f1ar despiertos, a sostener un libro entre las manos y disfrutar de \u00e9l; en este marat\u00f3n, que este a\u00f1o cumple su mayor\u00eda de edad, y que goza de una salud inmejorable, participan como cada a\u00f1o cientos de ni\u00f1os y ni\u00f1as; una iniciativa que se incluye dentro del plan de fomento a la lectura, y en el que este a\u00f1o se va a leer el libro \u201c<em>Manolito Gafotas<\/em>\u201d de la escritora Elvira Lindo\u201d.<\/p>\n\n\n\n<figure class=\"wp-block-image\"><a href=\"https:\/\/alhaurinelgrande.es\/wp-content\/uploads\/2019\/04\/ALCALDESA-EN-EL-MARAT%C3%93N-DE-LECTURA.jpg\"><img decoding=\"async\" src=\"https:\/\/alhaurinelgrande.es\/wp-content\/uploads\/2019\/04\/ALCALDESA-EN-EL-MARAT%C3%93N-DE-LECTURA.jpg\" alt=\"\" class=\"wp-image-207394\"\/><\/a><\/figure>\n\n\n\n<p>La alcaldesa, Antonia Ledesma participando en el marat\u00f3n de lectura.<\/p>\n\n\n\n<p>Igualmente, la alcaldesa ha aprovechado la ocasi\u00f3n para hacer una menci\u00f3n especial al escritor y periodista, Manuel Alc\u00e1ntara, recordando sus c\u00e9lebres palabras dirigidas a Alhaur\u00edn el Grande, en las que dec\u00eda que \u201cAlhaur\u00edn es un pueblo para cogerlo en hombros y llevarlo al mar\u201d.<\/p>\n\n\n\n<p>Posteriormente, ha tenido lugar la entrega de reconocimientos a los&nbsp;mejores lectores&nbsp;de la localidad de diferentes edades. As\u00ed, Alena Mar\u00eda Jim\u00e9nez ha sido la mejor lectora infantil del a\u00f1o; Nieves Garc\u00eda, la mejor lectora juvenil; y Marisa Lorenzo, la ganadora en categor\u00eda de adulto.<\/p>\n\n\n\n<figure class=\"wp-block-image\"><a href=\"https:\/\/alhaurinelgrande.es\/wp-content\/uploads\/2019\/04\/PREMIOS-MEJORES-LECTORES.jpg\"><img decoding=\"async\" src=\"https:\/\/alhaurinelgrande.es\/wp-content\/uploads\/2019\/04\/PREMIOS-MEJORES-LECTORES.jpg\" alt=\"\" class=\"wp-image-207395\"\/><\/a><\/figure>\n\n\n\n<p>Premio a las mejores lectoras.<\/p>\n\n\n\n<p>Igualmente, tuvo lugar el IV Concurso de Marcap\u00e1ginas, a los que tambi\u00e9n se les hizo entrega de sus premios. En esta ocasi\u00f3n se han presentado 650 trabajos, el doble de la edici\u00f3n anterior, en el que han participado los centros educativos: Emilia Olivares, El Chorro, F\u00e9lix Plaza, Jorge Guill\u00e9n y Pablo Ruiz Picasso.<\/p>\n\n\n\n<figure class=\"wp-block-image\"><a href=\"https:\/\/alhaurinelgrande.es\/wp-content\/uploads\/2019\/04\/PREMIO-CONCURSO-MARCAP%C3%81GINAS.jpg\"><img decoding=\"async\" src=\"https:\/\/alhaurinelgrande.es\/wp-content\/uploads\/2019\/04\/PREMIO-CONCURSO-MARCAP%C3%81GINAS.jpg\" alt=\"\" class=\"wp-image-207396\"\/><\/a><\/figure>\n\n\n\n<p>Premio Concurso de Marcap\u00e1ginas.<\/p>\n\n\n\n<figure class=\"wp-block-image\"><a href=\"https:\/\/alhaurinelgrande.es\/wp-content\/uploads\/2019\/04\/GANADORES-CONCURSO-MARCAP%C3%81GINAS.jpg\"><img decoding=\"async\" src=\"https:\/\/alhaurinelgrande.es\/wp-content\/uploads\/2019\/04\/GANADORES-CONCURSO-MARCAP%C3%81GINAS.jpg\" alt=\"\" class=\"wp-image-207399\"\/><\/a><\/figure>\n\n\n\n<p>Marcap\u00e1ginas ganadores del Concurso.<\/p>\n\n\n\n<p>Las actividades del mes del libro contin\u00faan a lo largo del d\u00eda, con el mercadillo de libros a las puertas de la Biblioteca Municipal, y esta misma tarde con el espect\u00e1culo infantil \u201c<em>Los tres cerditos<\/em>\u201d, en el Teatro Antonio Gala, cuyas entradas est\u00e1n ya agotadas. Continuar\u00e1n este pr\u00f3ximo s\u00e1bado 27 de abril, a las 20:30 horas con la representaci\u00f3n de \u201c<em>Bodas de sangre<\/em>\u201d en el Teatro Antonio Gala, que pondr\u00e1 el broche de oro a todas estas actividades.<\/p>\n\n\n\n<figure class=\"wp-block-image\"><a href=\"https:\/\/alhaurinelgrande.es\/wp-content\/uploads\/2019\/04\/Cartel-representaci%C3%B3n-Bodas-de-Sangre.jpg\"><img decoding=\"async\" src=\"https:\/\/alhaurinelgrande.es\/wp-content\/uploads\/2019\/04\/Cartel-representaci%C3%B3n-Bodas-de-Sangre.jpg\" alt=\"\" class=\"wp-image-207397\"\/><\/a><\/figure>\n\n\n\n<p>Cartel representaci\u00f3n Bodas de Sangre.<\/p>\n\n\n\n<p>Recordar que en la Biblioteca Municipal sigue teniendo lugar el Club de Lectura dirigido a diferentes p\u00fablicos.<\/p>\n\n\n\n<figure class=\"wp-block-image\"><a href=\"https:\/\/alhaurinelgrande.es\/wp-content\/uploads\/2019\/04\/ACTIVIDADES-MES-DEL-LIBRO.jpg\"><img decoding=\"async\" src=\"https:\/\/alhaurinelgrande.es\/wp-content\/uploads\/2019\/04\/ACTIVIDADES-MES-DEL-LIBRO.jpg\" alt=\"\" class=\"wp-image-207398\"\/><\/a><\/figure>\n\n\n\n<p>Cartel mes del Libro.<\/p>\n","protected":false},"excerpt":{"rendered":"<p>24 Abr, 2019&nbsp;|&nbsp;Cultura La Biblioteca Municipal de Alhaur\u00edn el Grande ha sido el escenario, un a\u00f1o m\u00e1s, de los actos conmemorativos del D\u00eda Internacional de Libro. El sal\u00f3n de actos ha acogido a alumnos de centros escolares de la localidad, as\u00ed como a miembros de asociaciones y colectivos, que no han dudado en participar en [&hellip;]<\/p>\n","protected":false},"author":3,"featured_media":213847,"comment_status":"open","ping_status":"open","sticky":false,"template":"","format":"standard","meta":{"_et_pb_use_builder":"off","_et_pb_old_content":"","_et_gb_content_width":"","footnotes":""},"categories":[13],"tags":[],"_links":{"self":[{"href":"https:\/\/alhaurinelgrande.es\/cultura\/wp-json\/wp\/v2\/posts\/213840"}],"collection":[{"href":"https:\/\/alhaurinelgrande.es\/cultura\/wp-json\/wp\/v2\/posts"}],"about":[{"href":"https:\/\/alhaurinelgrande.es\/cultura\/wp-json\/wp\/v2\/types\/post"}],"author":[{"embeddable":true,"href":"https:\/\/alhaurinelgrande.es\/cultura\/wp-json\/wp\/v2\/users\/3"}],"replies":[{"embeddable":true,"href":"https:\/\/alhaurinelgrande.es\/cultura\/wp-json\/wp\/v2\/comments?post=213840"}],"version-history":[{"count":1,"href":"https:\/\/alhaurinelgrande.es\/cultura\/wp-json\/wp\/v2\/posts\/213840\/revisions"}],"predecessor-version":[{"id":213841,"href":"https:\/\/alhaurinelgrande.es\/cultura\/wp-json\/wp\/v2\/posts\/213840\/revisions\/213841"}],"wp:featuredmedia":[{"embeddable":true,"href":"https:\/\/alhaurinelgrande.es\/cultura\/wp-json\/wp\/v2\/media\/213847"}],"wp:attachment":[{"href":"https:\/\/alhaurinelgrande.es\/cultura\/wp-json\/wp\/v2\/media?parent=213840"}],"wp:term":[{"taxonomy":"category","embeddable":true,"href":"https:\/\/alhaurinelgrande.es\/cultura\/wp-json\/wp\/v2\/categories?post=213840"},{"taxonomy":"post_tag","embeddable":true,"href":"https:\/\/alhaurinelgrande.es\/cultura\/wp-json\/wp\/v2\/tags?post=213840"}],"curies":[{"name":"wp","href":"https:\/\/api.w.org\/{rel}","templated":true}]}}