{"id":213838,"date":"2019-04-29T15:28:23","date_gmt":"2019-04-29T13:28:23","guid":{"rendered":"https:\/\/alhaurinelgrande.es\/cultura\/?p=213838"},"modified":"2019-05-17T07:36:07","modified_gmt":"2019-05-17T05:36:07","slug":"alhaurin-el-grande-presenta-su-cartel-y-programa-para-la-feria-de-mayo-2019","status":"publish","type":"post","link":"https:\/\/alhaurinelgrande.es\/cultura\/alhaurin-el-grande-presenta-su-cartel-y-programa-para-la-feria-de-mayo-2019\/","title":{"rendered":"ALHAUR\u00cdN EL GRANDE PRESENTA SU CARTEL Y PROGRAMA PARA LA FERIA DE MAYO 2019"},"content":{"rendered":"\r\n<h1 class=\"wp-block-heading\">\u00a0<\/h1>\r\n\r\n\r\n\r\n<p>29 Abr, 2019\u00a0|\u00a0<a href=\"https:\/\/alhaurinelgrande.es\/noticias-cultura\/\">Cultura<\/a>,\u00a0<a href=\"https:\/\/alhaurinelgrande.es\/noticias-fiestas\/\">Fiestas<\/a>,\u00a0<a href=\"https:\/\/alhaurinelgrande.es\/noticias-turismo\/\">Turismo<\/a><\/p>\r\n\r\n\r\n\r\n<figure class=\"wp-block-image\"><img decoding=\"async\" src=\"https:\/\/alhaurinelgrande.es\/wp-content\/uploads\/2019\/04\/Presentaci%C3%B3n-Feria-de-Mayo-2019-Centro-Fahala-1080x675.jpg\" alt=\"Alhaur\u00edn el Grande presenta su cartel y programa para la Feria de Mayo 2019\" \/><\/figure>\r\n\r\n\r\n\r\n<p>El Ayuntamiento de Alhaur\u00edn el Grande ha presentado el programa y cartel anunciador de la Feria de Mayo 2019, el acontecimiento festivo m\u00e1s importante del a\u00f1o, que en esta edici\u00f3n s<strong>e celebrar\u00e1 del 22 al 26 de mayo<\/strong>.<\/p>\r\n\r\n\r\n\r\n<p>La alcaldesa Antonia Ledesma, acompa\u00f1ada del Equipo de Gobierno, miembros de la Junta de Festejos y representantes de asociaciones, ha dado a conocer el cartel oficial que da imagen a la Feria de Mayo 2019, obra del pintor y dise\u00f1ador,<strong>\u00a0Juan Diego Ingelmo Benavente, ganador del Concurso del Cartel de Feria<\/strong>\u00a0de este a\u00f1o.<\/p>\r\n\r\n\r\n\r\n<figure class=\"wp-block-image\"><a href=\"https:\/\/alhaurinelgrande.es\/wp-content\/uploads\/2019\/04\/Cartel-Feria-de-Mayo-2019.jpg\"><img decoding=\"async\" class=\"wp-image-207443\" src=\"https:\/\/alhaurinelgrande.es\/wp-content\/uploads\/2019\/04\/Cartel-Feria-de-Mayo-2019.jpg\" alt=\"\" \/><\/a><\/figure>\r\n\r\n\r\n\r\n<p>Cartel Oficial Feria de Mayo 2019.<\/p>\r\n\r\n\r\n\r\n<p>La propia alcaldesa ha sido la encargada de dar a conocer el programa de actos previstos para esta nueva edici\u00f3n, donde entre las actividades habituales destacan las actuaciones musicales del\u00a0<strong>grupo \u201cSiempre as\u00ed\u201d<\/strong>\u00a0el jueves,\u00a0<strong>Henry M\u00e9ndez<\/strong>\u00a0el viernes,\u00a0<strong>Bert\u00edn Osborne<\/strong>\u00a0el s\u00e1bado, y<strong>\u00a0Roc\u00edo Ojuelos<\/strong>\u00a0el domingo.<\/p>\r\n\r\n\r\n\r\n<figure class=\"wp-block-image\"><a href=\"https:\/\/alhaurinelgrande.es\/wp-content\/uploads\/2019\/04\/Alcaldesa-en-la-Presentaci%C3%B3n.jpg\"><img decoding=\"async\" class=\"wp-image-207444\" src=\"https:\/\/alhaurinelgrande.es\/wp-content\/uploads\/2019\/04\/Alcaldesa-en-la-Presentaci%C3%B3n.jpg\" alt=\"\" \/><\/a><\/figure>\r\n\r\n\r\n\r\n<p>Alcaldesa presentando el programa de Feria.<\/p>\r\n\r\n\r\n\r\n<p>Igualmente, Antonia Ledesma destac\u00f3 dos novedades para este a\u00f1o, por un lado la iniciativa de las\u00a0<strong>dos horas de feria sin ruido<\/strong>, entre las 19:30 y las 21:30 horas del jueves, en las que no habr\u00e1 ni m\u00fasica ni luces centelleantes, con el objetivo de que los ni\u00f1os y ni\u00f1as que tengan alg\u00fan trastorno del espectro autista y relacionados puedan disfrutarla. En segundo lugar, tras la adhesi\u00f3n de Alhaur\u00edn el Grande a la campa\u00f1a\u00a0<strong>\u2018Menores ni gota\u2019<\/strong><strong>,<\/strong>\u00a0tambi\u00e9n en la feria se llevar\u00e1 a cabo, tanto de d\u00eda como de noche, con el compromiso de mantener a raya el consumo de alcohol en menores.<\/p>\r\n\r\n\r\n\r\n<p>Finalmente, la alcaldesa conclu\u00eda manifestando que, \u201cesperamos que sea una feria del agrado de todos, donde no haya complicaciones porque, al final, aunque tiene un trabajo importante sacar un programa y sacar una feria, todos deseamos que no haya ning\u00fan incidente y que todas las personas que vienen a visitarnos puedan disfrutar de una feria que sea del agrado de todos\u00bb, apunt\u00f3\u00a0<strong>Antonia Ledesma<\/strong>\u00a0durante el acto de presentaci\u00f3n. \u00abY, como siempre, desearos que disfrut\u00e9is de la Feria de Mayo, que ese es el objetivo con el que este Ayuntamiento viene trabajando\u00bb, a\u00f1adi\u00f3 la alcaldesa.<\/p>\r\n\r\n\r\n\r\n<p><strong><a href=\"https:\/\/alhaurinelgrande.es\/wp-content\/uploads\/2019\/04\/PROGRAMA-FERIA-2019-baja.pdf\">PROGRAMA FERIA DE MAYO 2019<\/a><\/strong><\/p>\r\n","protected":false},"excerpt":{"rendered":"<p>\u00a0 29 Abr, 2019\u00a0|\u00a0Cultura,\u00a0Fiestas,\u00a0Turismo El Ayuntamiento de Alhaur\u00edn el Grande ha presentado el programa y cartel anunciador de la Feria de Mayo 2019, el acontecimiento festivo m\u00e1s importante del a\u00f1o, que en esta edici\u00f3n se celebrar\u00e1 del 22 al 26 de mayo. La alcaldesa Antonia Ledesma, acompa\u00f1ada del Equipo de Gobierno, miembros de la Junta [&hellip;]<\/p>\n","protected":false},"author":3,"featured_media":213845,"comment_status":"open","ping_status":"open","sticky":false,"template":"","format":"standard","meta":{"_et_pb_use_builder":"off","_et_pb_old_content":"","_et_gb_content_width":"","footnotes":""},"categories":[13],"tags":[],"_links":{"self":[{"href":"https:\/\/alhaurinelgrande.es\/cultura\/wp-json\/wp\/v2\/posts\/213838"}],"collection":[{"href":"https:\/\/alhaurinelgrande.es\/cultura\/wp-json\/wp\/v2\/posts"}],"about":[{"href":"https:\/\/alhaurinelgrande.es\/cultura\/wp-json\/wp\/v2\/types\/post"}],"author":[{"embeddable":true,"href":"https:\/\/alhaurinelgrande.es\/cultura\/wp-json\/wp\/v2\/users\/3"}],"replies":[{"embeddable":true,"href":"https:\/\/alhaurinelgrande.es\/cultura\/wp-json\/wp\/v2\/comments?post=213838"}],"version-history":[{"count":2,"href":"https:\/\/alhaurinelgrande.es\/cultura\/wp-json\/wp\/v2\/posts\/213838\/revisions"}],"predecessor-version":[{"id":213856,"href":"https:\/\/alhaurinelgrande.es\/cultura\/wp-json\/wp\/v2\/posts\/213838\/revisions\/213856"}],"wp:featuredmedia":[{"embeddable":true,"href":"https:\/\/alhaurinelgrande.es\/cultura\/wp-json\/wp\/v2\/media\/213845"}],"wp:attachment":[{"href":"https:\/\/alhaurinelgrande.es\/cultura\/wp-json\/wp\/v2\/media?parent=213838"}],"wp:term":[{"taxonomy":"category","embeddable":true,"href":"https:\/\/alhaurinelgrande.es\/cultura\/wp-json\/wp\/v2\/categories?post=213838"},{"taxonomy":"post_tag","embeddable":true,"href":"https:\/\/alhaurinelgrande.es\/cultura\/wp-json\/wp\/v2\/tags?post=213838"}],"curies":[{"name":"wp","href":"https:\/\/api.w.org\/{rel}","templated":true}]}}