{"id":213833,"date":"2019-05-01T20:18:56","date_gmt":"2019-05-01T18:18:56","guid":{"rendered":"https:\/\/alhaurinelgrande.es\/cultura\/?p=213833"},"modified":"2019-05-17T07:35:28","modified_gmt":"2019-05-17T05:35:28","slug":"villafranco-del-guadalhorce-celebra-con-esplendor-su-romeria-que-este-ano-ha-cumplido-su-40-aniversario","status":"publish","type":"post","link":"https:\/\/alhaurinelgrande.es\/cultura\/villafranco-del-guadalhorce-celebra-con-esplendor-su-romeria-que-este-ano-ha-cumplido-su-40-aniversario\/","title":{"rendered":"VILLAFRANCO DEL GUADALHORCE CELEBRA CON ESPLENDOR SU ROMER\u00cdA QUE ESTE A\u00d1O HA CUMPLIDO SU 40 ANIVERSARIO"},"content":{"rendered":"\r\n<h1 class=\"wp-block-heading\">\u00a0<\/h1>\r\n\r\n\r\n\r\n<p>1 May, 2019 | <a href=\"https:\/\/alhaurinelgrande.es\/noticias-fiestas\/\">Fiestas<\/a>,\u00a0<a href=\"https:\/\/alhaurinelgrande.es\/noticias-villafranco\/\">Villafranco<\/a><\/p>\r\n\r\n\r\n\r\n<figure class=\"wp-block-image is-resized\"><img loading=\"lazy\" decoding=\"async\" src=\"https:\/\/alhaurinelgrande.es\/wp-content\/uploads\/2019\/05\/NUESTRA-SE%C3%91ORA-MAR%C3%8DA-AUXILIADORA.jpg\" alt=\"Villafranco del Guadalhorce celebra con esplendor su Romer\u00eda que este a\u00f1o ha cumplido su 40 aniversario\" width=\"580\" height=\"482\" \/><\/figure>\r\n\r\n\r\n\r\n<p>La patrona de\u00a0Villafranco del Guadalhorce\u00a0ha cumplido este 2019, cuarenta a\u00f1os de su primera bajada al r\u00edo. Desde 1979 la virgen es llevada en romer\u00eda cada primero de mayo a la rivera del Guadalhorce por los vecinos, que disfrutan de una jornada de convivencia.<\/p>\r\n\r\n\r\n\r\n<p>Cuatro d\u00e9cadas en las que como ayer, la misa marca el comienzo de la festividad. La eucarist\u00eda en honor a\u00a0Ntra. Sra. Mar\u00eda Auxiliadora, cantada por el coro rociero, viene marcada por varios momentos especiales, como los son las ofrendas, la escritura de mensajes y peticiones para el panel por los devotos, o el baile de sevillanas al finalizar la funci\u00f3n religiosa.\u00a0A continuaci\u00f3n, la virgen es sacada de su ermita y colocada en la carreta, que ser\u00e1 tirada por dos bueyes.\u00a0\u00a0Y desde la calle Flores sale la comitiva hacia el r\u00edo por el camino de la Colmenilla.<\/p>\r\n\r\n\r\n\r\n<figure class=\"wp-block-image\"><a href=\"https:\/\/alhaurinelgrande.es\/wp-content\/uploads\/2019\/05\/PATRONA-EN-SU-CARROZA.jpg\"><img decoding=\"async\" class=\"wp-image-207463\" src=\"https:\/\/alhaurinelgrande.es\/wp-content\/uploads\/2019\/05\/PATRONA-EN-SU-CARROZA.jpg\" alt=\"\" \/><\/a><\/figure>\r\n\r\n\r\n\r\n<p>Ntra. Sra. Mar\u00eda Auxiliadora en su carroza, a la salida de la Romer\u00eda.<\/p>\r\n\r\n\r\n\r\n<p>Caballistas y carrozas\u00a0llenan de color el campo hasta su llegada el r\u00edo. Vecinos de Villafranco, y tambi\u00e9n visitantes de dentro y fuera de la provincia, se dan cita en este multitudinario evento.\u00a0Una vez llegada al r\u00edo, el ambiente es distendido y de convivencia. Un plan familiar donde los m\u00e1s peque\u00f1os a los mayores celebran y comparten esta tradici\u00f3n.<\/p>\r\n\r\n\r\n\r\n<figure class=\"wp-block-image\"><a href=\"https:\/\/alhaurinelgrande.es\/wp-content\/uploads\/2019\/05\/VISTAS-CABALLISTAS.jpg\"><img decoding=\"async\" class=\"wp-image-207464\" src=\"https:\/\/alhaurinelgrande.es\/wp-content\/uploads\/2019\/05\/VISTAS-CABALLISTAS.jpg\" alt=\"\" \/><\/a><\/figure>\r\n\r\n\r\n\r\n<p>Vista de los caballistas camino a R\u00edo Grande.<\/p>\r\n\r\n\r\n\r\n<p>Desde el Ayuntamiento se invita a sangr\u00eda a la llegada de los romeros, y tambi\u00e9n al almuerzo de una\u00a0gran paella, prevista este a\u00f1o para alrededor de 900 personas. Por la tarde llega uno de los momentos m\u00e1s esperados. El a\u00f1o pasado no se pudo celebrar debido al tiempo, pero en esta ocasi\u00f3n s\u00ed que se ha podido llevar a cabo la\u00a0carrera de cintas a caballo, en la que participaron una decena de caballistas.<\/p>\r\n\r\n\r\n\r\n<p>M\u00e1s tarde, la\u00a0escuela de baile de Villafranco\u00a0es la protagonista. Los peque\u00f1os, interpretaron dos actuaciones, una rociera, y otra de danza moderna. A continuaci\u00f3n, y durante la entrega de premios a las carrozas, caballistas y trajes de flamenco, tiene lugar el concierto, que este a\u00f1o ha corrido a cargo del grupo de flamenquito de la comarca \u201cSin Fronteras\u201d, que puso el broche de oro a la jornada.<\/p>\r\n\r\n\r\n\r\n<p>El\u00a0Ayuntamiento de Alhaur\u00edn el Grande\u00a0organiza esta romer\u00eda, y desde la\u00a0Concejal\u00eda de Villafranco\u00a0se hace un balance positivo de esta edici\u00f3n n\u00famero 40.\u00a0\u00a0\u00abUn a\u00f1o m\u00e1s un balance muy positivo, un ambiente inmejorable, much\u00edsima asistencia, much\u00edsimo p\u00fablico, multitud de caballistas\u2026 Un d\u00eda espl\u00e9ndido, magn\u00edfico, y en un entorno como siempre maravilloso; una jornada en la que grandes y peque\u00f1os han podido disfrutar y divertirse. Y la verdad es que mucha satisfacci\u00f3n por nuestra parte de ver una vez m\u00e1s como esta romer\u00eda es una de las m\u00e1s importantes de la comarca\u00bb, valor\u00f3 Carmen Brescia, concejala de este n\u00facleo.<\/p>\r\n\r\n\r\n\r\n<figure class=\"wp-block-image\"><a href=\"https:\/\/alhaurinelgrande.es\/wp-content\/uploads\/2019\/05\/58909888_2152855438338040_5671618431649054720_n.jpg\"><img decoding=\"async\" class=\"wp-image-207465\" src=\"https:\/\/alhaurinelgrande.es\/wp-content\/uploads\/2019\/05\/58909888_2152855438338040_5671618431649054720_n.jpg\" alt=\"\" \/><\/a><\/figure>\r\n\r\n\r\n\r\n<p>Romeros, carretas y caballistas en el camino.<\/p>\r\n\r\n\r\n\r\n<p>En definitiva, toda una jornada de diversi\u00f3n para disfrutar de una bonita tradici\u00f3n, y de una de las fiestas m\u00e1s importantes del a\u00f1o en la comarca.<\/p>\r\n","protected":false},"excerpt":{"rendered":"<p>\u00a0 1 May, 2019 | Fiestas,\u00a0Villafranco La patrona de\u00a0Villafranco del Guadalhorce\u00a0ha cumplido este 2019, cuarenta a\u00f1os de su primera bajada al r\u00edo. Desde 1979 la virgen es llevada en romer\u00eda cada primero de mayo a la rivera del Guadalhorce por los vecinos, que disfrutan de una jornada de convivencia. Cuatro d\u00e9cadas en las que como [&hellip;]<\/p>\n","protected":false},"author":3,"featured_media":213844,"comment_status":"open","ping_status":"open","sticky":false,"template":"","format":"standard","meta":{"_et_pb_use_builder":"off","_et_pb_old_content":"","_et_gb_content_width":"","footnotes":""},"categories":[13],"tags":[],"_links":{"self":[{"href":"https:\/\/alhaurinelgrande.es\/cultura\/wp-json\/wp\/v2\/posts\/213833"}],"collection":[{"href":"https:\/\/alhaurinelgrande.es\/cultura\/wp-json\/wp\/v2\/posts"}],"about":[{"href":"https:\/\/alhaurinelgrande.es\/cultura\/wp-json\/wp\/v2\/types\/post"}],"author":[{"embeddable":true,"href":"https:\/\/alhaurinelgrande.es\/cultura\/wp-json\/wp\/v2\/users\/3"}],"replies":[{"embeddable":true,"href":"https:\/\/alhaurinelgrande.es\/cultura\/wp-json\/wp\/v2\/comments?post=213833"}],"version-history":[{"count":4,"href":"https:\/\/alhaurinelgrande.es\/cultura\/wp-json\/wp\/v2\/posts\/213833\/revisions"}],"predecessor-version":[{"id":213855,"href":"https:\/\/alhaurinelgrande.es\/cultura\/wp-json\/wp\/v2\/posts\/213833\/revisions\/213855"}],"wp:featuredmedia":[{"embeddable":true,"href":"https:\/\/alhaurinelgrande.es\/cultura\/wp-json\/wp\/v2\/media\/213844"}],"wp:attachment":[{"href":"https:\/\/alhaurinelgrande.es\/cultura\/wp-json\/wp\/v2\/media?parent=213833"}],"wp:term":[{"taxonomy":"category","embeddable":true,"href":"https:\/\/alhaurinelgrande.es\/cultura\/wp-json\/wp\/v2\/categories?post=213833"},{"taxonomy":"post_tag","embeddable":true,"href":"https:\/\/alhaurinelgrande.es\/cultura\/wp-json\/wp\/v2\/tags?post=213833"}],"curies":[{"name":"wp","href":"https:\/\/api.w.org\/{rel}","templated":true}]}}