{"id":213798,"date":"2019-02-28T14:26:32","date_gmt":"2019-02-28T13:26:32","guid":{"rendered":"https:\/\/alhaurinelgrande.es\/cultura\/?p=213798"},"modified":"2019-03-04T11:28:37","modified_gmt":"2019-03-04T10:28:37","slug":"alhaurin-el-grande-conmemora-el-dia-de-andalucia-con-reconocimientos-a-capote-el-de-los-claveles-molisur-y-tour-10-travel","status":"publish","type":"post","link":"https:\/\/alhaurinelgrande.es\/cultura\/alhaurin-el-grande-conmemora-el-dia-de-andalucia-con-reconocimientos-a-capote-el-de-los-claveles-molisur-y-tour-10-travel\/","title":{"rendered":"ALHAUR\u00cdN EL GRANDE CONMEMORA EL D\u00cdA DE ANDALUC\u00cdA CON RECONOCIMIENTOS A CAPOTE \u201cEL DE LOS CLAVELES\u201d, MOLISUR Y TOUR 10 TRAVEL"},"content":{"rendered":"<p class=\"post-meta\">Un a\u00f1o m\u00e1s la<strong>\u00a0Biblioteca Municipal<\/strong>\u00a0ha sido el escenario elegido para la celebraci\u00f3n del\u00a0<strong>D\u00eda de Andaluc\u00eda<\/strong>, un acto con el que el Ayuntamiento de\u00a0<strong>Alhaur\u00edn el Grande<\/strong>\u00a0rinde homenaje cada 28 de febrero\u00a0a distintas personas o entidades que han supuesto un empuje importante para la vida cultural, econ\u00f3mica o social de la localidad.<\/p>\n<article id=\"post-206898\" class=\"et_pb_post post-206898 post type-post status-publish format-standard has-post-thumbnail hentry category-noticias-ayuntamiento tag-dia-de-andalucia\">\n<div class=\"entry-content\">\n<p>En esta edici\u00f3n 2019 han sido tres los que han recibido esta distinci\u00f3n de manos de\u00a0<strong>la\u00a0alcaldesa,\u00a0To\u00f1i Ledesma<\/strong>\u00a0quien ha destacado que \u201del 28 de febrero fue el resultado de un esfuerzo colectivo, de una ilusi\u00f3n compartida, pero ninguna conquista es irreversible ni definitiva si no es sostenida por el mismo entusiasmo\u201d. Y daba la enhorabuena a los homenajeados de este a\u00f1o por su compromiso y porque \u201cdesde \u00e1mbitos muy distintos han destacado gracias a su tes\u00f3n, su esfuerzo, su valent\u00eda y su trabajo\u201d.<\/p>\n<p><img loading=\"lazy\" decoding=\"async\" class=\"aligncenter size-full wp-image-206900\" src=\"https:\/\/alhaurinelgrande.es\/wp-content\/uploads\/2019\/03\/Dia-de-Andaluc%C3%ADa-2019b.jpg\" sizes=\"(max-width: 560px) 100vw, 560px\" srcset=\"https:\/\/alhaurinelgrande.es\/wp-content\/uploads\/2019\/03\/Dia-de-Andaluc\u00eda-2019b.jpg 560w, https:\/\/alhaurinelgrande.es\/wp-content\/uploads\/2019\/03\/Dia-de-Andaluc\u00eda-2019b-300x208.jpg 300w\" alt=\"\" width=\"560\" height=\"388\" \/><\/p>\n<p>El acto comenzaba con\u00a0<strong>m\u00fasica<\/strong>: Mari \u00c1ngeles Tirado, Ismael Chicano y Jos\u00e9 Manuel Garc\u00eda que interpretaban \u2018Los cuatro muleros\u2019 y a continuaci\u00f3n el\u00a0<strong>concejal V\u00edctor Romero<\/strong>\u00a0introduc\u00eda al primero de los homenajeados,<a href=\"https:\/\/www.tourdiez.com\/FRNT\/TBOK\/index.jsp\"><strong>\u00a0Tour 10 Travel<\/strong><\/a>\u00a0de quien ha destacado sus 25 a\u00f1os de andadura y crecimiento y la solidez de la empresa que es hoy en d\u00eda suponiendo \u201cuna ventana al mundo para todos los alhaurinos\u201d. Francisco Ser\u00f3n y Dede Cort\u00e9s recog\u00edan este galard\u00f3n.<\/p>\n<p><img loading=\"lazy\" decoding=\"async\" class=\"aligncenter size-full wp-image-206902\" src=\"https:\/\/alhaurinelgrande.es\/wp-content\/uploads\/2019\/03\/tour10.jpg\" sizes=\"(max-width: 560px) 100vw, 560px\" srcset=\"https:\/\/alhaurinelgrande.es\/wp-content\/uploads\/2019\/03\/tour10.jpg 560w, https:\/\/alhaurinelgrande.es\/wp-content\/uploads\/2019\/03\/tour10-300x191.jpg 300w\" alt=\"\" width=\"560\" height=\"357\" \/><\/p>\n<p>&nbsp;<\/p>\n<p>La\u00a0<strong>concejala Mar\u00eda Jes\u00fas Fern\u00e1ndez<\/strong>\u00a0presentaba al segundo homenajeado de este a\u00f1o:\u00a0<strong>Antonio Garc\u00eda, \u201cCapote el de los claveles\u201d<\/strong>, \u201creconociendo su calidad como persona y su trayectoria profesional como cantaor flamenco\u201d. Antonio Garc\u00eda subi\u00f3 al escenario para, en unas breves palabras, agradecer el reconocimiento y asegurar:\u00a0\u201cyo soy alhaurino, soy de ustedes, y aqu\u00ed estoy para lo que quer\u00e1is\u201d.<\/p>\n<p><img loading=\"lazy\" decoding=\"async\" class=\"aligncenter size-full wp-image-206899\" src=\"https:\/\/alhaurinelgrande.es\/wp-content\/uploads\/2019\/03\/Capote.jpg\" sizes=\"(max-width: 560px) 100vw, 560px\" srcset=\"https:\/\/alhaurinelgrande.es\/wp-content\/uploads\/2019\/03\/Capote.jpg 560w, https:\/\/alhaurinelgrande.es\/wp-content\/uploads\/2019\/03\/Capote-300x242.jpg 300w\" alt=\"\" width=\"560\" height=\"451\" \/><\/p>\n<p>El tercer reconocimiento de este D\u00eda de Andaluc\u00eda 2019 fue presentado por el\u00a0<strong>concejal Jes\u00fas Rueda<\/strong>\u00a0quien realiz\u00f3 una completa semblanza de la familia que forma la empresa\u00a0<a href=\"http:\/\/www.aceitesmolisur.es\/es\/\"><strong>Molisur<\/strong><\/a>\u00a0y recordaba los comienzos de la empresa destacando el importante lugar que Molisur ocupa hoy \u201cgracias a estas nuevas instalaciones que adem\u00e1s de ampliar esos niveles de producci\u00f3n tambi\u00e9n consiguen difundir la cultura del aceite gracias al Museo del aceite y gracias a esos 30.000 m2 de parcela donde realizan distintas actividades que acercan a los visitantes a este producto\u201d.<\/p>\n<p><img loading=\"lazy\" decoding=\"async\" class=\"aligncenter size-full wp-image-206901\" src=\"https:\/\/alhaurinelgrande.es\/wp-content\/uploads\/2019\/03\/molisur.jpg\" sizes=\"(max-width: 560px) 100vw, 560px\" srcset=\"https:\/\/alhaurinelgrande.es\/wp-content\/uploads\/2019\/03\/molisur.jpg 560w, https:\/\/alhaurinelgrande.es\/wp-content\/uploads\/2019\/03\/molisur-300x219.jpg 300w\" alt=\"\" width=\"560\" height=\"408\" \/><\/p>\n<p>&nbsp;<\/p>\n<p>Tras la intervenci\u00f3n de la alcaldesa, el acto terminaba como empez\u00f3: con la m\u00fasica de \u2018La baladilla de los tres r\u00edos\u2019 y el p\u00fablico en pie para escuchar y cantar el\u00a0<strong>Himno de Andaluc\u00eda<\/strong><strong>.<\/strong>\u00a0Emotivo acto de celebraci\u00f3n del 28 de febrero, d\u00eda para sentir el orgullo de ser\u00a0parte de Andaluc\u00eda y brindar reconocimiento a todos aquellos vecinos que, a\u00f1o a a\u00f1o, hacen crecer nuestro municipio.<\/p>\n<p><img loading=\"lazy\" decoding=\"async\" class=\"aligncenter size-large wp-image-206904\" src=\"https:\/\/alhaurinelgrande.es\/wp-content\/uploads\/2019\/03\/M%C3%BAsica-D%C3%ADa-de-Andaluc%C3%ADa-2019-1024x601.jpg\" alt=\"\" width=\"1024\" height=\"601\" \/><\/p>\n<\/div>\n<\/article>\n","protected":false},"excerpt":{"rendered":"<p>Un a\u00f1o m\u00e1s la\u00a0Biblioteca Municipal\u00a0ha sido el escenario elegido para la celebraci\u00f3n del\u00a0D\u00eda de Andaluc\u00eda, un acto con el que el Ayuntamiento de\u00a0Alhaur\u00edn el Grande\u00a0rinde homenaje cada 28 de febrero\u00a0a distintas personas o entidades que han supuesto un empuje importante para la vida cultural, econ\u00f3mica o social de la localidad. En esta edici\u00f3n 2019 han [&hellip;]<\/p>\n","protected":false},"author":3,"featured_media":213799,"comment_status":"open","ping_status":"open","sticky":false,"template":"","format":"standard","meta":{"_et_pb_use_builder":"","_et_pb_old_content":"","_et_gb_content_width":"","footnotes":""},"categories":[13],"tags":[39],"_links":{"self":[{"href":"https:\/\/alhaurinelgrande.es\/cultura\/wp-json\/wp\/v2\/posts\/213798"}],"collection":[{"href":"https:\/\/alhaurinelgrande.es\/cultura\/wp-json\/wp\/v2\/posts"}],"about":[{"href":"https:\/\/alhaurinelgrande.es\/cultura\/wp-json\/wp\/v2\/types\/post"}],"author":[{"embeddable":true,"href":"https:\/\/alhaurinelgrande.es\/cultura\/wp-json\/wp\/v2\/users\/3"}],"replies":[{"embeddable":true,"href":"https:\/\/alhaurinelgrande.es\/cultura\/wp-json\/wp\/v2\/comments?post=213798"}],"version-history":[{"count":1,"href":"https:\/\/alhaurinelgrande.es\/cultura\/wp-json\/wp\/v2\/posts\/213798\/revisions"}],"predecessor-version":[{"id":213800,"href":"https:\/\/alhaurinelgrande.es\/cultura\/wp-json\/wp\/v2\/posts\/213798\/revisions\/213800"}],"wp:featuredmedia":[{"embeddable":true,"href":"https:\/\/alhaurinelgrande.es\/cultura\/wp-json\/wp\/v2\/media\/213799"}],"wp:attachment":[{"href":"https:\/\/alhaurinelgrande.es\/cultura\/wp-json\/wp\/v2\/media?parent=213798"}],"wp:term":[{"taxonomy":"category","embeddable":true,"href":"https:\/\/alhaurinelgrande.es\/cultura\/wp-json\/wp\/v2\/categories?post=213798"},{"taxonomy":"post_tag","embeddable":true,"href":"https:\/\/alhaurinelgrande.es\/cultura\/wp-json\/wp\/v2\/tags?post=213798"}],"curies":[{"name":"wp","href":"https:\/\/api.w.org\/{rel}","templated":true}]}}