{"id":213770,"date":"2019-01-17T10:24:11","date_gmt":"2019-01-17T09:24:11","guid":{"rendered":"https:\/\/alhaurinelgrande.es\/cultura\/?p=213770"},"modified":"2019-01-17T10:24:11","modified_gmt":"2019-01-17T09:24:11","slug":"alhaurin-el-grande-celebrara-la-tradicional-festividad-de-san-anton-el-sabado-19-de-enero","status":"publish","type":"post","link":"https:\/\/alhaurinelgrande.es\/cultura\/alhaurin-el-grande-celebrara-la-tradicional-festividad-de-san-anton-el-sabado-19-de-enero\/","title":{"rendered":"ALHAUR\u00cdN EL GRANDE CELEBRAR\u00c1 LA TRADICIONAL FESTIVIDAD DE SAN ANT\u00d3N EL S\u00c1BADO 19 DE ENERO"},"content":{"rendered":"<p class=\"post-meta\"><a href=\"https:\/\/alhaurinelgrande.es\/wp-content\/uploads\/2019\/01\/Presentaci%C3%B3n-San-Ant%C3%B3n-2019.jpg\"><img loading=\"lazy\" decoding=\"async\" class=\"wp-image-206423\" src=\"https:\/\/alhaurinelgrande.es\/wp-content\/uploads\/2019\/01\/Presentaci%C3%B3n-San-Ant%C3%B3n-2019.jpg\" sizes=\"(max-width: 536px) 100vw, 536px\" srcset=\"https:\/\/alhaurinelgrande.es\/wp-content\/uploads\/2019\/01\/Presentaci\u00f3n-San-Ant\u00f3n-2019.jpg 526w, https:\/\/alhaurinelgrande.es\/wp-content\/uploads\/2019\/01\/Presentaci\u00f3n-San-Ant\u00f3n-2019-300x190.jpg 300w\" alt=\"\" width=\"536\" height=\"340\" \/><\/a><\/p>\n<article id=\"post-206422\" class=\"et_pb_post post-206422 post type-post status-publish format-standard has-post-thumbnail hentry category-noticias-cultura category-noticias-fiestas category-noticias-turismo tag-procesion tag-san-anton tag-tradicion\">\n<div class=\"entry-content\">\n<p>Presentaci\u00f3n de los actos por parte de la concejala de Turismo, Mar\u00eda Rosa Morales<\/p>\n<p>Hoy se ha presentado el cartel que anuncia las fiestas en honor a\u00a0San Ant\u00f3n 2019,\u00a0<strong>patr\u00f3n de los animales<\/strong>. Es la festividad de la barriada del Chorro de Alhaur\u00edn el Grande, que se celebrar\u00e1 este a\u00f1o el s\u00e1bado de la semana que viene,\u00a0<strong>19 de enero<\/strong>.<\/p>\n<p>\u201cUn a\u00f1o m\u00e1s\u00a0<strong>apoyando nuestras tradiciones, nuestra cultura<\/strong>\u00a0y haciendo la festividad en honor a San Ant\u00f3n. Desde el Ayuntamiento de Alhaur\u00edn el Grande invitamos a todos los vecinos de la\u00a0barriada de El Chorro\u00a0y el entorno y a todo el municipio, a que nos acompa\u00f1en en esta festividad, y que pasemos un buen d\u00eda en honor al Santo\u201d, ha invitado\u00a0M\u00aa Rosa Morales, concejala de Turismo.<\/p>\n<p>La fiesta dar\u00e1 comienzo a las doce de la ma\u00f1ana con una\u00a0<strong>eucarist\u00eda<\/strong>\u00a0en honor a San Ant\u00f3n; una vez finalizada tendr\u00e1 lugar la\u00a0<strong>bendici\u00f3n de los animales<\/strong>. La bendici\u00f3n de los animales es uno de los momentos m\u00e1s esperados por los vecinos, especialmente por los m\u00e1s j\u00f3venes. Momento que marca el inicio de la\u00a0<strong>procesi\u00f3n del santo por las calles del barrio<\/strong>\u00a0por el itinerario de costumbre.<\/p>\n<p>A continuaci\u00f3n, tendr\u00e1 lugar la procesi\u00f3n, acompa\u00f1ada en esta ocasi\u00f3n por la\u00a0<strong>Banda de M\u00fasica de la Hermandad Nuestro Padre Jes\u00fas Nazareno<\/strong>, y una vez en la plaza de San Ant\u00f3n comenzar\u00e1 la\u00a0<strong>actuaci\u00f3n del cantante alhaurino Iv\u00e1n Zea<\/strong>,\u00a0y la\u00a0<strong>degustaci\u00f3n de\u00a0paella<\/strong>\u00a0para todos los vecinos y visitantes. La paella a la que invita el Ayuntamiento se empezar\u00e1 a servir a mediod\u00eda, justo antes del concierto.<\/p>\n<div id=\"attachment_206443\" class=\"wp-caption aligncenter\"><a href=\"https:\/\/alhaurinelgrande.es\/wp-content\/uploads\/2019\/01\/cartel-San-Anton-2019-programa.jpg\"><img loading=\"lazy\" decoding=\"async\" class=\"wp-image-206443\" src=\"https:\/\/alhaurinelgrande.es\/wp-content\/uploads\/2019\/01\/cartel-San-Anton-2019-programa.jpg\" sizes=\"(max-width: 370px) 100vw, 370px\" srcset=\"https:\/\/alhaurinelgrande.es\/wp-content\/uploads\/2019\/01\/cartel-San-Anton-2019-programa.jpg 3508w, https:\/\/alhaurinelgrande.es\/wp-content\/uploads\/2019\/01\/cartel-San-Anton-2019-programa-212x300.jpg 212w, https:\/\/alhaurinelgrande.es\/wp-content\/uploads\/2019\/01\/cartel-San-Anton-2019-programa-768x1086.jpg 768w, https:\/\/alhaurinelgrande.es\/wp-content\/uploads\/2019\/01\/cartel-San-Anton-2019-programa-724x1024.jpg 724w, https:\/\/alhaurinelgrande.es\/wp-content\/uploads\/2019\/01\/cartel-San-Anton-2019-programa-1080x1527.jpg 1080w\" alt=\"\" width=\"370\" height=\"523\" \/><\/a><\/div>\n<\/div>\n<\/article>\n","protected":false},"excerpt":{"rendered":"<p>Presentaci\u00f3n de los actos por parte de la concejala de Turismo, Mar\u00eda Rosa Morales Hoy se ha presentado el cartel que anuncia las fiestas en honor a\u00a0San Ant\u00f3n 2019,\u00a0patr\u00f3n de los animales. Es la festividad de la barriada del Chorro de Alhaur\u00edn el Grande, que se celebrar\u00e1 este a\u00f1o el s\u00e1bado de la semana que [&hellip;]<\/p>\n","protected":false},"author":3,"featured_media":213771,"comment_status":"open","ping_status":"open","sticky":false,"template":"","format":"standard","meta":{"_et_pb_use_builder":"","_et_pb_old_content":"","_et_gb_content_width":"","footnotes":""},"categories":[13,32],"tags":[],"_links":{"self":[{"href":"https:\/\/alhaurinelgrande.es\/cultura\/wp-json\/wp\/v2\/posts\/213770"}],"collection":[{"href":"https:\/\/alhaurinelgrande.es\/cultura\/wp-json\/wp\/v2\/posts"}],"about":[{"href":"https:\/\/alhaurinelgrande.es\/cultura\/wp-json\/wp\/v2\/types\/post"}],"author":[{"embeddable":true,"href":"https:\/\/alhaurinelgrande.es\/cultura\/wp-json\/wp\/v2\/users\/3"}],"replies":[{"embeddable":true,"href":"https:\/\/alhaurinelgrande.es\/cultura\/wp-json\/wp\/v2\/comments?post=213770"}],"version-history":[{"count":1,"href":"https:\/\/alhaurinelgrande.es\/cultura\/wp-json\/wp\/v2\/posts\/213770\/revisions"}],"predecessor-version":[{"id":213772,"href":"https:\/\/alhaurinelgrande.es\/cultura\/wp-json\/wp\/v2\/posts\/213770\/revisions\/213772"}],"wp:featuredmedia":[{"embeddable":true,"href":"https:\/\/alhaurinelgrande.es\/cultura\/wp-json\/wp\/v2\/media\/213771"}],"wp:attachment":[{"href":"https:\/\/alhaurinelgrande.es\/cultura\/wp-json\/wp\/v2\/media?parent=213770"}],"wp:term":[{"taxonomy":"category","embeddable":true,"href":"https:\/\/alhaurinelgrande.es\/cultura\/wp-json\/wp\/v2\/categories?post=213770"},{"taxonomy":"post_tag","embeddable":true,"href":"https:\/\/alhaurinelgrande.es\/cultura\/wp-json\/wp\/v2\/tags?post=213770"}],"curies":[{"name":"wp","href":"https:\/\/api.w.org\/{rel}","templated":true}]}}